{"id":1020,"date":"2018-12-02T21:50:04","date_gmt":"2018-12-02T20:50:04","guid":{"rendered":"https:\/\/medical-volunteers.org\/?p=1020"},"modified":"2018-12-02T21:50:04","modified_gmt":"2018-12-02T20:50:04","slug":"wir-sind-da-weil-es-so-dringend-noetig-ist","status":"publish","type":"post","link":"https:\/\/medical-solidarity.org\/de\/wir-sind-da-weil-es-so-dringend-noetig-ist\/","title":{"rendered":"Wir sind da, weil es so dringend n\u00f6tig ist!"},"content":{"rendered":"<p><span style=\"font-weight: 400;\">Herzlich willkommen auf der Website von Medical Volunteers International e.V.<\/span><\/p>\n<p><span style=\"font-weight: 400;\">Wir haben eine neue Organisation gegr\u00fcndet, die unsere Arbeit vor Ort unterst\u00fctzen soll. Unser Verein besteht aus Medizinerinnen und Medizinern, Aktivistinnen und Aktivisten, Freunden und Interessierten, denen es wichtig ist, die Menschenw\u00fcrde f\u00fcr jeden Menschen zu verteidigen.<\/span><\/p>\n<p><span style=\"font-weight: 400;\">Wir wollen nicht l\u00e4nger zusehen, dass Menschen, die ihre Heimat verlassen haben, keinen oder schlechten Zugang zu medizinischer Versorgung haben.<\/span><\/p>\n<p><span style=\"font-weight: 400;\">Was wir tun? Wir vermitteln Freiwilligen-Eins\u00e4tze von medizinischen Fachkr\u00e4ften und sind zur Zeit an 3 Standorten in Griechenland aktiv.<\/span><\/p>\n<p>&nbsp;<\/p>\n<p><span style=\"font-weight: 400;\">Bitte: Teilt unser Anliegen und unterst\u00fctzt uns auf Facebook! Liked und teilt!<\/span><\/p>\n<p><span style=\"font-weight: 400;\">Wer uns unterst\u00fctzen will, melde sich gern sofort!<\/span><\/p>\n","protected":false},"excerpt":{"rendered":"<p>Herzlich willkommen auf der Website von Medical Volunteers International e.V. Wir haben eine neue Organisation gegr\u00fcndet, die unsere Arbeit vor Ort unterst\u00fctzen soll. Unser Verein besteht aus Medizinerinnen und Medizinern, Aktivistinnen und Aktivisten, Freunden und Interessierten, denen es wichtig ist, die Menschenw\u00fcrde f\u00fcr jeden Menschen zu verteidigen. Wir wollen nicht l\u00e4nger zusehen, dass Menschen, die [&hellip;]<\/p>\n","protected":false},"author":48,"featured_media":0,"comment_status":"open","ping_status":"open","sticky":false,"template":"","format":"standard","meta":{"footnotes":""},"categories":[6],"tags":[],"class_list":["post-1020","post","type-post","status-publish","format-standard","hentry","category-news-2"],"yoast_head":"<!-- This site is optimized with the Yoast SEO plugin v27.4 - https:\/\/yoast.com\/product\/yoast-seo-wordpress\/ -->\n<title>Wir sind da, weil es so dringend n\u00f6tig ist! &#8212; Medical Solidarity International<\/title>\n<meta name=\"robots\" content=\"index, follow, max-snippet:-1, max-image-preview:large, max-video-preview:-1\" \/>\n<link rel=\"canonical\" href=\"https:\/\/medical-solidarity.org\/de\/wir-sind-da-weil-es-so-dringend-noetig-ist\/\" \/>\n<meta property=\"og:locale\" content=\"de_DE\" \/>\n<meta property=\"og:type\" content=\"article\" \/>\n<meta property=\"og:title\" content=\"Wir sind da, weil es so dringend n\u00f6tig ist! &#8212; Medical Solidarity International\" \/>\n<meta property=\"og:description\" content=\"Herzlich willkommen auf der Website von Medical Volunteers International e.V. Wir haben eine neue Organisation gegr\u00fcndet, die unsere Arbeit vor Ort unterst\u00fctzen soll. Unser Verein besteht aus Medizinerinnen und Medizinern, Aktivistinnen und Aktivisten, Freunden und Interessierten, denen es wichtig ist, die Menschenw\u00fcrde f\u00fcr jeden Menschen zu verteidigen. Wir wollen nicht l\u00e4nger zusehen, dass Menschen, die [&hellip;]\" \/>\n<meta property=\"og:url\" content=\"https:\/\/medical-solidarity.org\/de\/wir-sind-da-weil-es-so-dringend-noetig-ist\/\" \/>\n<meta property=\"og:site_name\" content=\"Medical Solidarity International\" \/>\n<meta property=\"article:publisher\" content=\"https:\/\/www.facebook.com\/medicalvolunteersinternational\/\" \/>\n<meta property=\"article:published_time\" content=\"2018-12-02T20:50:04+00:00\" \/>\n<meta name=\"author\" content=\"civicrm meyer-martin\" \/>\n<meta name=\"twitter:card\" content=\"summary_large_image\" \/>\n<meta name=\"twitter:creator\" content=\"@MVI_Greece\" \/>\n<meta name=\"twitter:site\" content=\"@MVI_Greece\" \/>\n<meta name=\"twitter:label1\" content=\"Verfasst von\" \/>\n\t<meta name=\"twitter:data1\" content=\"civicrm meyer-martin\" \/>\n\t<meta name=\"twitter:label2\" content=\"Gesch\u00e4tzte Lesezeit\" \/>\n\t<meta name=\"twitter:data2\" content=\"1\u00a0Minute\" \/>\n<script type=\"application\/ld+json\" class=\"yoast-schema-graph\">{\"@context\":\"https:\\\/\\\/schema.org\",\"@graph\":[{\"@type\":\"Article\",\"@id\":\"https:\\\/\\\/medical-solidarity.org\\\/de\\\/wir-sind-da-weil-es-so-dringend-noetig-ist\\\/#article\",\"isPartOf\":{\"@id\":\"https:\\\/\\\/medical-solidarity.org\\\/de\\\/wir-sind-da-weil-es-so-dringend-noetig-ist\\\/\"},\"author\":{\"name\":\"civicrm meyer-martin\",\"@id\":\"https:\\\/\\\/medical-solidarity.org\\\/de\\\/#\\\/schema\\\/person\\\/ef6d57283fb6cbec400724f2372ea4af\"},\"headline\":\"Wir sind da, weil es so dringend n\u00f6tig ist!\",\"datePublished\":\"2018-12-02T20:50:04+00:00\",\"mainEntityOfPage\":{\"@id\":\"https:\\\/\\\/medical-solidarity.org\\\/de\\\/wir-sind-da-weil-es-so-dringend-noetig-ist\\\/\"},\"wordCount\":126,\"commentCount\":0,\"publisher\":{\"@id\":\"https:\\\/\\\/medical-solidarity.org\\\/de\\\/#organization\"},\"articleSection\":[\"NEWS\"],\"inLanguage\":\"de\",\"potentialAction\":[{\"@type\":\"CommentAction\",\"name\":\"Comment\",\"target\":[\"https:\\\/\\\/medical-solidarity.org\\\/de\\\/wir-sind-da-weil-es-so-dringend-noetig-ist\\\/#respond\"]}]},{\"@type\":\"WebPage\",\"@id\":\"https:\\\/\\\/medical-solidarity.org\\\/de\\\/wir-sind-da-weil-es-so-dringend-noetig-ist\\\/\",\"url\":\"https:\\\/\\\/medical-solidarity.org\\\/de\\\/wir-sind-da-weil-es-so-dringend-noetig-ist\\\/\",\"name\":\"Wir sind da, weil es so dringend n\u00f6tig ist! &#8212; Medical Solidarity International\",\"isPartOf\":{\"@id\":\"https:\\\/\\\/medical-solidarity.org\\\/de\\\/#website\"},\"datePublished\":\"2018-12-02T20:50:04+00:00\",\"breadcrumb\":{\"@id\":\"https:\\\/\\\/medical-solidarity.org\\\/de\\\/wir-sind-da-weil-es-so-dringend-noetig-ist\\\/#breadcrumb\"},\"inLanguage\":\"de\",\"potentialAction\":[{\"@type\":\"ReadAction\",\"target\":[\"https:\\\/\\\/medical-solidarity.org\\\/de\\\/wir-sind-da-weil-es-so-dringend-noetig-ist\\\/\"]}]},{\"@type\":\"BreadcrumbList\",\"@id\":\"https:\\\/\\\/medical-solidarity.org\\\/de\\\/wir-sind-da-weil-es-so-dringend-noetig-ist\\\/#breadcrumb\",\"itemListElement\":[{\"@type\":\"ListItem\",\"position\":1,\"name\":\"Home\",\"item\":\"https:\\\/\\\/medical-solidarity.org\\\/de\\\/medical-volunteers-2\\\/\"},{\"@type\":\"ListItem\",\"position\":2,\"name\":\"Wir sind da, weil es so dringend n\u00f6tig ist!\"}]},{\"@type\":\"WebSite\",\"@id\":\"https:\\\/\\\/medical-solidarity.org\\\/de\\\/#website\",\"url\":\"https:\\\/\\\/medical-solidarity.org\\\/de\\\/\",\"name\":\"Medical Solidarity International\",\"description\":\"\",\"publisher\":{\"@id\":\"https:\\\/\\\/medical-solidarity.org\\\/de\\\/#organization\"},\"potentialAction\":[{\"@type\":\"SearchAction\",\"target\":{\"@type\":\"EntryPoint\",\"urlTemplate\":\"https:\\\/\\\/medical-solidarity.org\\\/de\\\/?s={search_term_string}\"},\"query-input\":{\"@type\":\"PropertyValueSpecification\",\"valueRequired\":true,\"valueName\":\"search_term_string\"}}],\"inLanguage\":\"de\"},{\"@type\":\"Organization\",\"@id\":\"https:\\\/\\\/medical-solidarity.org\\\/de\\\/#organization\",\"name\":\"Medical Solidarity International\",\"url\":\"https:\\\/\\\/medical-solidarity.org\\\/de\\\/\",\"logo\":{\"@type\":\"ImageObject\",\"inLanguage\":\"de\",\"@id\":\"https:\\\/\\\/medical-solidarity.org\\\/de\\\/#\\\/schema\\\/logo\\\/image\\\/\",\"url\":\"https:\\\/\\\/medical-solidarity.org\\\/wp-content\\\/uploads\\\/2025\\\/10\\\/Logo-rot-schwarz.png\",\"contentUrl\":\"https:\\\/\\\/medical-solidarity.org\\\/wp-content\\\/uploads\\\/2025\\\/10\\\/Logo-rot-schwarz.png\",\"width\":1421,\"height\":1500,\"caption\":\"Medical Solidarity International\"},\"image\":{\"@id\":\"https:\\\/\\\/medical-solidarity.org\\\/de\\\/#\\\/schema\\\/logo\\\/image\\\/\"},\"sameAs\":[\"https:\\\/\\\/www.facebook.com\\\/medicalvolunteersinternational\\\/\",\"https:\\\/\\\/x.com\\\/MVI_Greece\",\"https:\\\/\\\/www.instagram.com\\\/mvi_greece\\\/\"]},{\"@type\":\"Person\",\"@id\":\"https:\\\/\\\/medical-solidarity.org\\\/de\\\/#\\\/schema\\\/person\\\/ef6d57283fb6cbec400724f2372ea4af\",\"name\":\"civicrm meyer-martin\",\"url\":\"https:\\\/\\\/medical-solidarity.org\\\/de\\\/author\\\/civicrmmeyer-martin-com\\\/\"}]}<\/script>\n<!-- \/ Yoast SEO plugin. -->","yoast_head_json":{"title":"Wir sind da, weil es so dringend n\u00f6tig ist! &#8212; Medical Solidarity International","robots":{"index":"index","follow":"follow","max-snippet":"max-snippet:-1","max-image-preview":"max-image-preview:large","max-video-preview":"max-video-preview:-1"},"canonical":"https:\/\/medical-solidarity.org\/de\/wir-sind-da-weil-es-so-dringend-noetig-ist\/","og_locale":"de_DE","og_type":"article","og_title":"Wir sind da, weil es so dringend n\u00f6tig ist! &#8212; Medical Solidarity International","og_description":"Herzlich willkommen auf der Website von Medical Volunteers International e.V. Wir haben eine neue Organisation gegr\u00fcndet, die unsere Arbeit vor Ort unterst\u00fctzen soll. Unser Verein besteht aus Medizinerinnen und Medizinern, Aktivistinnen und Aktivisten, Freunden und Interessierten, denen es wichtig ist, die Menschenw\u00fcrde f\u00fcr jeden Menschen zu verteidigen. Wir wollen nicht l\u00e4nger zusehen, dass Menschen, die [&hellip;]","og_url":"https:\/\/medical-solidarity.org\/de\/wir-sind-da-weil-es-so-dringend-noetig-ist\/","og_site_name":"Medical Solidarity International","article_publisher":"https:\/\/www.facebook.com\/medicalvolunteersinternational\/","article_published_time":"2018-12-02T20:50:04+00:00","author":"civicrm meyer-martin","twitter_card":"summary_large_image","twitter_creator":"@MVI_Greece","twitter_site":"@MVI_Greece","twitter_misc":{"Verfasst von":"civicrm meyer-martin","Gesch\u00e4tzte Lesezeit":"1\u00a0Minute"},"schema":{"@context":"https:\/\/schema.org","@graph":[{"@type":"Article","@id":"https:\/\/medical-solidarity.org\/de\/wir-sind-da-weil-es-so-dringend-noetig-ist\/#article","isPartOf":{"@id":"https:\/\/medical-solidarity.org\/de\/wir-sind-da-weil-es-so-dringend-noetig-ist\/"},"author":{"name":"civicrm meyer-martin","@id":"https:\/\/medical-solidarity.org\/de\/#\/schema\/person\/ef6d57283fb6cbec400724f2372ea4af"},"headline":"Wir sind da, weil es so dringend n\u00f6tig ist!","datePublished":"2018-12-02T20:50:04+00:00","mainEntityOfPage":{"@id":"https:\/\/medical-solidarity.org\/de\/wir-sind-da-weil-es-so-dringend-noetig-ist\/"},"wordCount":126,"commentCount":0,"publisher":{"@id":"https:\/\/medical-solidarity.org\/de\/#organization"},"articleSection":["NEWS"],"inLanguage":"de","potentialAction":[{"@type":"CommentAction","name":"Comment","target":["https:\/\/medical-solidarity.org\/de\/wir-sind-da-weil-es-so-dringend-noetig-ist\/#respond"]}]},{"@type":"WebPage","@id":"https:\/\/medical-solidarity.org\/de\/wir-sind-da-weil-es-so-dringend-noetig-ist\/","url":"https:\/\/medical-solidarity.org\/de\/wir-sind-da-weil-es-so-dringend-noetig-ist\/","name":"Wir sind da, weil es so dringend n\u00f6tig ist! &#8212; Medical Solidarity International","isPartOf":{"@id":"https:\/\/medical-solidarity.org\/de\/#website"},"datePublished":"2018-12-02T20:50:04+00:00","breadcrumb":{"@id":"https:\/\/medical-solidarity.org\/de\/wir-sind-da-weil-es-so-dringend-noetig-ist\/#breadcrumb"},"inLanguage":"de","potentialAction":[{"@type":"ReadAction","target":["https:\/\/medical-solidarity.org\/de\/wir-sind-da-weil-es-so-dringend-noetig-ist\/"]}]},{"@type":"BreadcrumbList","@id":"https:\/\/medical-solidarity.org\/de\/wir-sind-da-weil-es-so-dringend-noetig-ist\/#breadcrumb","itemListElement":[{"@type":"ListItem","position":1,"name":"Home","item":"https:\/\/medical-solidarity.org\/de\/medical-volunteers-2\/"},{"@type":"ListItem","position":2,"name":"Wir sind da, weil es so dringend n\u00f6tig ist!"}]},{"@type":"WebSite","@id":"https:\/\/medical-solidarity.org\/de\/#website","url":"https:\/\/medical-solidarity.org\/de\/","name":"Medical Solidarity International","description":"","publisher":{"@id":"https:\/\/medical-solidarity.org\/de\/#organization"},"potentialAction":[{"@type":"SearchAction","target":{"@type":"EntryPoint","urlTemplate":"https:\/\/medical-solidarity.org\/de\/?s={search_term_string}"},"query-input":{"@type":"PropertyValueSpecification","valueRequired":true,"valueName":"search_term_string"}}],"inLanguage":"de"},{"@type":"Organization","@id":"https:\/\/medical-solidarity.org\/de\/#organization","name":"Medical Solidarity International","url":"https:\/\/medical-solidarity.org\/de\/","logo":{"@type":"ImageObject","inLanguage":"de","@id":"https:\/\/medical-solidarity.org\/de\/#\/schema\/logo\/image\/","url":"https:\/\/medical-solidarity.org\/wp-content\/uploads\/2025\/10\/Logo-rot-schwarz.png","contentUrl":"https:\/\/medical-solidarity.org\/wp-content\/uploads\/2025\/10\/Logo-rot-schwarz.png","width":1421,"height":1500,"caption":"Medical Solidarity International"},"image":{"@id":"https:\/\/medical-solidarity.org\/de\/#\/schema\/logo\/image\/"},"sameAs":["https:\/\/www.facebook.com\/medicalvolunteersinternational\/","https:\/\/x.com\/MVI_Greece","https:\/\/www.instagram.com\/mvi_greece\/"]},{"@type":"Person","@id":"https:\/\/medical-solidarity.org\/de\/#\/schema\/person\/ef6d57283fb6cbec400724f2372ea4af","name":"civicrm meyer-martin","url":"https:\/\/medical-solidarity.org\/de\/author\/civicrmmeyer-martin-com\/"}]}},"_links":{"self":[{"href":"https:\/\/medical-solidarity.org\/de\/wp-json\/wp\/v2\/posts\/1020","targetHints":{"allow":["GET"]}}],"collection":[{"href":"https:\/\/medical-solidarity.org\/de\/wp-json\/wp\/v2\/posts"}],"about":[{"href":"https:\/\/medical-solidarity.org\/de\/wp-json\/wp\/v2\/types\/post"}],"author":[{"embeddable":true,"href":"https:\/\/medical-solidarity.org\/de\/wp-json\/wp\/v2\/users\/48"}],"replies":[{"embeddable":true,"href":"https:\/\/medical-solidarity.org\/de\/wp-json\/wp\/v2\/comments?post=1020"}],"version-history":[{"count":1,"href":"https:\/\/medical-solidarity.org\/de\/wp-json\/wp\/v2\/posts\/1020\/revisions"}],"predecessor-version":[{"id":1021,"href":"https:\/\/medical-solidarity.org\/de\/wp-json\/wp\/v2\/posts\/1020\/revisions\/1021"}],"wp:attachment":[{"href":"https:\/\/medical-solidarity.org\/de\/wp-json\/wp\/v2\/media?parent=1020"}],"wp:term":[{"taxonomy":"category","embeddable":true,"href":"https:\/\/medical-solidarity.org\/de\/wp-json\/wp\/v2\/categories?post=1020"},{"taxonomy":"post_tag","embeddable":true,"href":"https:\/\/medical-solidarity.org\/de\/wp-json\/wp\/v2\/tags?post=1020"}],"curies":[{"name":"wp","href":"https:\/\/api.w.org\/{rel}","templated":true}]}}