{"id":10257,"date":"2021-11-12T19:55:15","date_gmt":"2021-11-12T18:55:15","guid":{"rendered":"https:\/\/medical-volunteers.org\/?p=10257"},"modified":"2021-11-19T17:21:06","modified_gmt":"2021-11-19T16:21:06","slug":"mir-ist-es-wichtig-den-individuellen-menschen-zu-sehen-was-wir-machen-ist-keine-wohltaetigkeit-gesundheitsversorgung-ist-ein-menschenrecht-ich-hatte","status":"publish","type":"post","link":"https:\/\/medical-solidarity.org\/de\/mir-ist-es-wichtig-den-individuellen-menschen-zu-sehen-was-wir-machen-ist-keine-wohltaetigkeit-gesundheitsversorgung-ist-ein-menschenrecht-ich-hatte\/","title":{"rendered":"\u201cMir ist es wichtig, den individuellen Menschen zu sehen\u201d \/\/ \u201cWas wir machen ist keine Wohlt\u00e4tigkeit. Gesundheitsversorgung ist ein Menschenrecht\u201d  \u201cIch hatte vorher mehr Vertrauen in die EU"},"content":{"rendered":"<p>&nbsp;<\/p>\n<blockquote><p>Nicolai Kissling beendete vor kurzem sein Medizinstudium. Nach seinem Examen entschied der Hamburger, die freie Zeit zu nutzen, um in Thessaloniki einen Monat lang ehrenamtlich zu arbeiten. Er wei\u00df, dass er mit seinem Einsatz nicht alles ver\u00e4ndern kann, aber mit seiner medizinischen Ausbildung will er gerne da mit anpacken, wo gerade Hilfe ben\u00f6tigt wird.<\/p><\/blockquote>\n<p><strong>Wie kamst du zu der Entscheidung, in Thessaloniki zu helfen? <\/strong><\/p>\n<p>Ich habe mir den Ort nicht aktiv ausgesucht. Ich sa\u00df mit einer Nachbarin auf dem Balkon, die bei MVI mithilft und sie hat mir von der Organisation erz\u00e4hlt. Ich fand Freiwilligenarbeit schon immer wichtig: Die eigenen F\u00e4higkeiten zu teilen, mit denen, die sonst keinen Zugang zu medizinischer Versorgung haben. 2018 habe ich schon einmal in einem Krankenhaus in Tansania gearbeitet, als Teil der \u00e4rztlichen Ausbildung. Nun hatte ich frei und dachte mir, dass ich wieder einen Beitrag als Freiwilliger leisten kann und m\u00f6chte.<\/p>\n<p>&nbsp;<\/p>\n<p><strong>Du bist erst ein paar Wochen in Thessaloniki im Einsatz. Welches Gef\u00fchl begleitet dich abends, wenn du ins Bett gehst? <\/strong><\/p>\n<p>Unverst\u00e4ndnis. Unverst\u00e4ndnis und auch Wut dar\u00fcber, wie unw\u00fcrdig Menschen behandelt werden und unter welchen Bedingungen sie leben m\u00fcssen. Es ist eine sehr vulnerable Situation f\u00fcr sie. Ich lerne hier junge, talentierte Menschen kennen, die einfach nur in ihrem Leben durchstarten wollen und hier\u00a0 in der Asylb\u00fcrokratie\u00a0 gefangen sind. Die teils traumatische Erlebnisse auf ihrer Flucht hierher erlebt haben, Die\u00a0 auch hier\u00a0 ohne Obdach leben und f\u00fcr die Erf\u00fcllung ihrer grundlegendsten Menschenrechte wie Essen und\u00a0\u00a0 medizinischer Versorgung auf NGOs angewiesen sind. Menschen, die mit Verletzungen von der Grenze zur\u00fcckkehren, weil sie bei illegalen \u201cPush Backs\u201d Gewalt erfahren haben. Auch alte Menschen und Familien mit Kindern, Menschen unterschiedlichsten Hintergrundes.<\/p>\n<p>Es ist schlimm zu sehen, wie Menschen mit eigentlich gut behandelbaren Erkrankungen keine Hilfe erfahren, da sie keinen Zugang dazu haben. Der Gedanke: \u2018In Deutschland h\u00e4tte ich jetzt dieses oder jenes angeordnet\u2019 ist sehr frustrierend.<\/p>\n<p><strong>\u00a0<\/strong><\/p>\n<p><strong>Was hast du erwartet, bevor du hierher kamst? <\/strong><\/p>\n<p>Ich hatte keine konkrete Vorstellung. Doch ich hatte definitiv mehr Vertrauen in die EU als das, was ich jetzt hier erlebe. Mir erschlie\u00dft sich \u00fcberhaupt nicht, wie EU-Recht gebrochen werden kann unter dem Vorwand die EU zu \u201csch\u00fctzen\u201d. Dabei verraten wir doch genau das wof\u00fcr wir stehen: Respekt vor den Rechten eines jeden Menschen. Trotzdem sind illegale Push Backs an der Tagesordnung.<\/p>\n<p>&nbsp;<\/p>\n<p><strong>Wie erlebst du die Situation f\u00fcr Gefl\u00fcchtete in Thessaloniki derzeit? <\/strong><\/p>\n<p>Urspr\u00fcnglich war Thessaloniki ein sicherer Ort f\u00fcr Menschen auf der Durchreise, so erz\u00e4hlten es mir Gefl\u00fcchtete, Freiwillige und Koordinator*innen, die schon l\u00e4nger hier sind. Nach dem \u00dcberqueren der t\u00fcrkischen Grenze war es f\u00fcr viele der erse Halt, bevor sie weiterzogen und versuchten weiter nach Westen zu kommen. Die, die k\u00f6nnen, laufen nun an Thessaloniki vorbei zur n\u00e4chsten Grenze. Nur noch die, die Halt machen m\u00fcssen, weil sie medizinische Hilfe brauchen, kommen hierher. Denn \u00dcbergriffe rechtsextremen Gruppen\u00a0 und die Polizeigewalt nimmt zu. Das Leben auf der Stra\u00dfe ist nicht mehr sicher.<\/p>\n<p>&nbsp;<\/p>\n<p><strong>Was sind die medizinischen Probleme, mit denen die Menschn zu euch kommen? <\/strong><\/p>\n<p>Fr\u00fcher waren es gr\u00f6\u00dftenteils Wunden an den F\u00fc\u00dfen vom langen Laufen. Das ist im Verh\u00e4ltnis weniger geworden. Aber noch immer immer kommen Menschen mit offenen F\u00fc\u00dfen zu uns, die zehn oder 15 Tage lang zu Fu\u00df unterwegs waren.Zuhause w\u00fcrde man dem Patienten sagen: Nimm warme B\u00e4der und ruh dich aus. Hier bieten wir Wundversorgung an und versuchen Infektionen zu behandeln solange die Patienten da sind, denn die meisten gehen so schnell es geht weiter. Zu den akuten Beschwerden gibt es mittlerweile viele Menschen, die schon l\u00e4nger in Thessaloniki gestrandet sind und chronische Beschwerden haben. F\u00fcr diese Patienten mit teils komplexen chronischen Erkrankungen sind wir oft die einzige medizinische Versorgung und agieren wie eine Hausarztpraxis. Das was wir k\u00f6nnen, behandeln wir selbst. Aber wir schreiben auch \u00dcberweisungen f\u00fcr Krankenh\u00e4user und begleiten die Patienten, quasi als ihre \u201cAnw\u00e4lte\u201d. Denn oft werden sie in dem ohnehin schon \u00fcberlasteten griechischen Gesundheitssystem abgewiesen. F\u00fcr undokumentierte Gefl\u00fcchtete ist es am schwierigsten. Sie haben offiziell keinen Anspruch auf medizinische Versorgung.<\/p>\n<p>&nbsp;<\/p>\n<p><strong>Welchen Beitrag m\u00f6chtest du mit deiner Arbeit leisten?<\/strong><\/p>\n<p>Nat\u00fcrlich bin ich hier, um medizinische Hilfe zu leisten. Doch dar\u00fcber hinaus will ich den Menschen auf Augenh\u00f6he begegnen, ihnen Zuh\u00f6ren, mir Zeit zu nehmen. Woran ich hier oft denke, ist das Wort \u201cW\u00fcrde\u201d. Ich finde es wichtig, das die Patient*innen wissen, dass sie als Individuum gesehen werden, nicht als Gefl\u00fcchtete, nicht als Nummer, nicht als Angeh\u00f6riger einer Ethnie. Als Mensch. Was wir hier machen ist keine Wohlt\u00e4tigkeit gegen\u00fcber Bed\u00fcrftigen. Gesundheitsversorgung ist ein Menschenrecht. Wir helfen hier einfach nur Menschen dabei, zu bekommen, was ihnen schon immer zusteht.<\/p>\n<p><a class=\"avia-button avia-color-theme-color avia-size-x-large avia-position-center\" href=\"https:\/\/medical-volunteers.org\/donate-now\/\">DONATE NOW<\/a><\/p>\n","protected":false},"excerpt":{"rendered":"<p>&nbsp; Nicolai Kissling beendete vor kurzem sein Medizinstudium. Nach seinem Examen entschied der Hamburger, die freie Zeit zu nutzen, um in Thessaloniki einen Monat lang ehrenamtlich zu arbeiten. Er wei\u00df, dass er mit seinem Einsatz nicht alles ver\u00e4ndern kann, aber mit seiner medizinischen Ausbildung will er gerne da mit anpacken, wo gerade Hilfe ben\u00f6tigt wird. [&hellip;]<\/p>\n","protected":false},"author":48,"featured_media":10360,"comment_status":"open","ping_status":"open","sticky":false,"template":"","format":"standard","meta":{"footnotes":""},"categories":[58],"tags":[],"class_list":["post-10257","post","type-post","status-publish","format-standard","has-post-thumbnail","hentry","category-interview-de"],"yoast_head":"<!-- This site is optimized with the Yoast SEO plugin v27.4 - https:\/\/yoast.com\/product\/yoast-seo-wordpress\/ -->\n<title>\u201cMir ist es wichtig, den individuellen Menschen zu sehen\u201d \/\/ \u201cWas wir machen ist keine Wohlt\u00e4tigkeit. Gesundheitsversorgung ist ein Menschenrecht\u201d \u201cIch hatte vorher mehr Vertrauen in die EU &#8212; Medical Solidarity International<\/title>\n<meta name=\"description\" content=\"%\" \/>\n<meta name=\"robots\" content=\"index, follow, max-snippet:-1, max-image-preview:large, max-video-preview:-1\" \/>\n<link rel=\"canonical\" href=\"https:\/\/medical-solidarity.org\/de\/mir-ist-es-wichtig-den-individuellen-menschen-zu-sehen-was-wir-machen-ist-keine-wohltaetigkeit-gesundheitsversorgung-ist-ein-menschenrecht-ich-hatte\/\" \/>\n<meta property=\"og:locale\" content=\"de_DE\" \/>\n<meta property=\"og:type\" content=\"article\" \/>\n<meta property=\"og:title\" content=\"\u201cMir ist es wichtig, den individuellen Menschen zu sehen\u201d \/\/ \u201cWas wir machen ist keine Wohlt\u00e4tigkeit. Gesundheitsversorgung ist ein Menschenrecht\u201d \u201cIch hatte vorher mehr Vertrauen in die EU &#8212; Medical Solidarity International\" \/>\n<meta property=\"og:description\" content=\"%\" \/>\n<meta property=\"og:url\" content=\"https:\/\/medical-solidarity.org\/de\/mir-ist-es-wichtig-den-individuellen-menschen-zu-sehen-was-wir-machen-ist-keine-wohltaetigkeit-gesundheitsversorgung-ist-ein-menschenrecht-ich-hatte\/\" \/>\n<meta property=\"og:site_name\" content=\"Medical Solidarity International\" \/>\n<meta property=\"article:publisher\" content=\"https:\/\/www.facebook.com\/medicalvolunteersinternational\/\" \/>\n<meta property=\"article:published_time\" content=\"2021-11-12T18:55:15+00:00\" \/>\n<meta property=\"article:modified_time\" content=\"2021-11-19T16:21:06+00:00\" \/>\n<meta property=\"og:image\" content=\"https:\/\/medical-solidarity.org\/wp-content\/uploads\/2021\/11\/Website_Portrait_Nicolai.jpg\" \/>\n\t<meta property=\"og:image:width\" content=\"1200\" \/>\n\t<meta property=\"og:image:height\" content=\"900\" \/>\n\t<meta property=\"og:image:type\" content=\"image\/jpeg\" \/>\n<meta name=\"author\" content=\"civicrm meyer-martin\" \/>\n<meta name=\"twitter:card\" content=\"summary_large_image\" \/>\n<meta name=\"twitter:creator\" content=\"@MVI_Greece\" \/>\n<meta name=\"twitter:site\" content=\"@MVI_Greece\" \/>\n<meta name=\"twitter:label1\" content=\"Verfasst von\" \/>\n\t<meta name=\"twitter:data1\" content=\"civicrm meyer-martin\" \/>\n\t<meta name=\"twitter:label2\" content=\"Gesch\u00e4tzte Lesezeit\" \/>\n\t<meta name=\"twitter:data2\" content=\"4\u00a0Minuten\" \/>\n<script type=\"application\/ld+json\" class=\"yoast-schema-graph\">{\"@context\":\"https:\\\/\\\/schema.org\",\"@graph\":[{\"@type\":\"Article\",\"@id\":\"https:\\\/\\\/medical-solidarity.org\\\/de\\\/mir-ist-es-wichtig-den-individuellen-menschen-zu-sehen-was-wir-machen-ist-keine-wohltaetigkeit-gesundheitsversorgung-ist-ein-menschenrecht-ich-hatte\\\/#article\",\"isPartOf\":{\"@id\":\"https:\\\/\\\/medical-solidarity.org\\\/de\\\/mir-ist-es-wichtig-den-individuellen-menschen-zu-sehen-was-wir-machen-ist-keine-wohltaetigkeit-gesundheitsversorgung-ist-ein-menschenrecht-ich-hatte\\\/\"},\"author\":{\"name\":\"civicrm meyer-martin\",\"@id\":\"https:\\\/\\\/medical-solidarity.org\\\/de\\\/#\\\/schema\\\/person\\\/ef6d57283fb6cbec400724f2372ea4af\"},\"headline\":\"\u201cMir ist es wichtig, den individuellen Menschen zu sehen\u201d \\\/\\\/ \u201cWas wir machen ist keine Wohlt\u00e4tigkeit. Gesundheitsversorgung ist ein Menschenrecht\u201d \u201cIch hatte vorher mehr Vertrauen in die EU\",\"datePublished\":\"2021-11-12T18:55:15+00:00\",\"dateModified\":\"2021-11-19T16:21:06+00:00\",\"mainEntityOfPage\":{\"@id\":\"https:\\\/\\\/medical-solidarity.org\\\/de\\\/mir-ist-es-wichtig-den-individuellen-menschen-zu-sehen-was-wir-machen-ist-keine-wohltaetigkeit-gesundheitsversorgung-ist-ein-menschenrecht-ich-hatte\\\/\"},\"wordCount\":845,\"commentCount\":0,\"publisher\":{\"@id\":\"https:\\\/\\\/medical-solidarity.org\\\/de\\\/#organization\"},\"image\":{\"@id\":\"https:\\\/\\\/medical-solidarity.org\\\/de\\\/mir-ist-es-wichtig-den-individuellen-menschen-zu-sehen-was-wir-machen-ist-keine-wohltaetigkeit-gesundheitsversorgung-ist-ein-menschenrecht-ich-hatte\\\/#primaryimage\"},\"thumbnailUrl\":\"https:\\\/\\\/medical-solidarity.org\\\/wp-content\\\/uploads\\\/2021\\\/11\\\/Website_Portrait_Nicolai.jpg\",\"articleSection\":[\"Interview\"],\"inLanguage\":\"de\",\"potentialAction\":[{\"@type\":\"CommentAction\",\"name\":\"Comment\",\"target\":[\"https:\\\/\\\/medical-solidarity.org\\\/de\\\/mir-ist-es-wichtig-den-individuellen-menschen-zu-sehen-was-wir-machen-ist-keine-wohltaetigkeit-gesundheitsversorgung-ist-ein-menschenrecht-ich-hatte\\\/#respond\"]}]},{\"@type\":\"WebPage\",\"@id\":\"https:\\\/\\\/medical-solidarity.org\\\/de\\\/mir-ist-es-wichtig-den-individuellen-menschen-zu-sehen-was-wir-machen-ist-keine-wohltaetigkeit-gesundheitsversorgung-ist-ein-menschenrecht-ich-hatte\\\/\",\"url\":\"https:\\\/\\\/medical-solidarity.org\\\/de\\\/mir-ist-es-wichtig-den-individuellen-menschen-zu-sehen-was-wir-machen-ist-keine-wohltaetigkeit-gesundheitsversorgung-ist-ein-menschenrecht-ich-hatte\\\/\",\"name\":\"\u201cMir ist es wichtig, den individuellen Menschen zu sehen\u201d \\\/\\\/ \u201cWas wir machen ist keine Wohlt\u00e4tigkeit. Gesundheitsversorgung ist ein Menschenrecht\u201d \u201cIch hatte vorher mehr Vertrauen in die EU &#8212; Medical Solidarity International\",\"isPartOf\":{\"@id\":\"https:\\\/\\\/medical-solidarity.org\\\/de\\\/#website\"},\"primaryImageOfPage\":{\"@id\":\"https:\\\/\\\/medical-solidarity.org\\\/de\\\/mir-ist-es-wichtig-den-individuellen-menschen-zu-sehen-was-wir-machen-ist-keine-wohltaetigkeit-gesundheitsversorgung-ist-ein-menschenrecht-ich-hatte\\\/#primaryimage\"},\"image\":{\"@id\":\"https:\\\/\\\/medical-solidarity.org\\\/de\\\/mir-ist-es-wichtig-den-individuellen-menschen-zu-sehen-was-wir-machen-ist-keine-wohltaetigkeit-gesundheitsversorgung-ist-ein-menschenrecht-ich-hatte\\\/#primaryimage\"},\"thumbnailUrl\":\"https:\\\/\\\/medical-solidarity.org\\\/wp-content\\\/uploads\\\/2021\\\/11\\\/Website_Portrait_Nicolai.jpg\",\"datePublished\":\"2021-11-12T18:55:15+00:00\",\"dateModified\":\"2021-11-19T16:21:06+00:00\",\"description\":\"%\",\"breadcrumb\":{\"@id\":\"https:\\\/\\\/medical-solidarity.org\\\/de\\\/mir-ist-es-wichtig-den-individuellen-menschen-zu-sehen-was-wir-machen-ist-keine-wohltaetigkeit-gesundheitsversorgung-ist-ein-menschenrecht-ich-hatte\\\/#breadcrumb\"},\"inLanguage\":\"de\",\"potentialAction\":[{\"@type\":\"ReadAction\",\"target\":[\"https:\\\/\\\/medical-solidarity.org\\\/de\\\/mir-ist-es-wichtig-den-individuellen-menschen-zu-sehen-was-wir-machen-ist-keine-wohltaetigkeit-gesundheitsversorgung-ist-ein-menschenrecht-ich-hatte\\\/\"]}]},{\"@type\":\"ImageObject\",\"inLanguage\":\"de\",\"@id\":\"https:\\\/\\\/medical-solidarity.org\\\/de\\\/mir-ist-es-wichtig-den-individuellen-menschen-zu-sehen-was-wir-machen-ist-keine-wohltaetigkeit-gesundheitsversorgung-ist-ein-menschenrecht-ich-hatte\\\/#primaryimage\",\"url\":\"https:\\\/\\\/medical-solidarity.org\\\/wp-content\\\/uploads\\\/2021\\\/11\\\/Website_Portrait_Nicolai.jpg\",\"contentUrl\":\"https:\\\/\\\/medical-solidarity.org\\\/wp-content\\\/uploads\\\/2021\\\/11\\\/Website_Portrait_Nicolai.jpg\",\"width\":1200,\"height\":900},{\"@type\":\"BreadcrumbList\",\"@id\":\"https:\\\/\\\/medical-solidarity.org\\\/de\\\/mir-ist-es-wichtig-den-individuellen-menschen-zu-sehen-was-wir-machen-ist-keine-wohltaetigkeit-gesundheitsversorgung-ist-ein-menschenrecht-ich-hatte\\\/#breadcrumb\",\"itemListElement\":[{\"@type\":\"ListItem\",\"position\":1,\"name\":\"Home\",\"item\":\"https:\\\/\\\/medical-solidarity.org\\\/de\\\/medical-volunteers-2\\\/\"},{\"@type\":\"ListItem\",\"position\":2,\"name\":\"\u201cMir ist es wichtig, den individuellen Menschen zu sehen\u201d \\\/\\\/ \u201cWas wir machen ist keine Wohlt\u00e4tigkeit. Gesundheitsversorgung ist ein Menschenrecht\u201d \u201cIch hatte vorher mehr Vertrauen in die EU\"}]},{\"@type\":\"WebSite\",\"@id\":\"https:\\\/\\\/medical-solidarity.org\\\/de\\\/#website\",\"url\":\"https:\\\/\\\/medical-solidarity.org\\\/de\\\/\",\"name\":\"Medical Solidarity International\",\"description\":\"\",\"publisher\":{\"@id\":\"https:\\\/\\\/medical-solidarity.org\\\/de\\\/#organization\"},\"potentialAction\":[{\"@type\":\"SearchAction\",\"target\":{\"@type\":\"EntryPoint\",\"urlTemplate\":\"https:\\\/\\\/medical-solidarity.org\\\/de\\\/?s={search_term_string}\"},\"query-input\":{\"@type\":\"PropertyValueSpecification\",\"valueRequired\":true,\"valueName\":\"search_term_string\"}}],\"inLanguage\":\"de\"},{\"@type\":\"Organization\",\"@id\":\"https:\\\/\\\/medical-solidarity.org\\\/de\\\/#organization\",\"name\":\"Medical Solidarity International\",\"url\":\"https:\\\/\\\/medical-solidarity.org\\\/de\\\/\",\"logo\":{\"@type\":\"ImageObject\",\"inLanguage\":\"de\",\"@id\":\"https:\\\/\\\/medical-solidarity.org\\\/de\\\/#\\\/schema\\\/logo\\\/image\\\/\",\"url\":\"https:\\\/\\\/medical-solidarity.org\\\/wp-content\\\/uploads\\\/2025\\\/10\\\/Logo-rot-schwarz.png\",\"contentUrl\":\"https:\\\/\\\/medical-solidarity.org\\\/wp-content\\\/uploads\\\/2025\\\/10\\\/Logo-rot-schwarz.png\",\"width\":1421,\"height\":1500,\"caption\":\"Medical Solidarity International\"},\"image\":{\"@id\":\"https:\\\/\\\/medical-solidarity.org\\\/de\\\/#\\\/schema\\\/logo\\\/image\\\/\"},\"sameAs\":[\"https:\\\/\\\/www.facebook.com\\\/medicalvolunteersinternational\\\/\",\"https:\\\/\\\/x.com\\\/MVI_Greece\",\"https:\\\/\\\/www.instagram.com\\\/mvi_greece\\\/\"]},{\"@type\":\"Person\",\"@id\":\"https:\\\/\\\/medical-solidarity.org\\\/de\\\/#\\\/schema\\\/person\\\/ef6d57283fb6cbec400724f2372ea4af\",\"name\":\"civicrm meyer-martin\",\"url\":\"https:\\\/\\\/medical-solidarity.org\\\/de\\\/author\\\/civicrmmeyer-martin-com\\\/\"}]}<\/script>\n<!-- \/ Yoast SEO plugin. -->","yoast_head_json":{"title":"\u201cMir ist es wichtig, den individuellen Menschen zu sehen\u201d \/\/ \u201cWas wir machen ist keine Wohlt\u00e4tigkeit. Gesundheitsversorgung ist ein Menschenrecht\u201d \u201cIch hatte vorher mehr Vertrauen in die EU &#8212; Medical Solidarity International","description":"%","robots":{"index":"index","follow":"follow","max-snippet":"max-snippet:-1","max-image-preview":"max-image-preview:large","max-video-preview":"max-video-preview:-1"},"canonical":"https:\/\/medical-solidarity.org\/de\/mir-ist-es-wichtig-den-individuellen-menschen-zu-sehen-was-wir-machen-ist-keine-wohltaetigkeit-gesundheitsversorgung-ist-ein-menschenrecht-ich-hatte\/","og_locale":"de_DE","og_type":"article","og_title":"\u201cMir ist es wichtig, den individuellen Menschen zu sehen\u201d \/\/ \u201cWas wir machen ist keine Wohlt\u00e4tigkeit. Gesundheitsversorgung ist ein Menschenrecht\u201d \u201cIch hatte vorher mehr Vertrauen in die EU &#8212; Medical Solidarity International","og_description":"%","og_url":"https:\/\/medical-solidarity.org\/de\/mir-ist-es-wichtig-den-individuellen-menschen-zu-sehen-was-wir-machen-ist-keine-wohltaetigkeit-gesundheitsversorgung-ist-ein-menschenrecht-ich-hatte\/","og_site_name":"Medical Solidarity International","article_publisher":"https:\/\/www.facebook.com\/medicalvolunteersinternational\/","article_published_time":"2021-11-12T18:55:15+00:00","article_modified_time":"2021-11-19T16:21:06+00:00","og_image":[{"width":1200,"height":900,"url":"https:\/\/medical-solidarity.org\/wp-content\/uploads\/2021\/11\/Website_Portrait_Nicolai.jpg","type":"image\/jpeg"}],"author":"civicrm meyer-martin","twitter_card":"summary_large_image","twitter_creator":"@MVI_Greece","twitter_site":"@MVI_Greece","twitter_misc":{"Verfasst von":"civicrm meyer-martin","Gesch\u00e4tzte Lesezeit":"4\u00a0Minuten"},"schema":{"@context":"https:\/\/schema.org","@graph":[{"@type":"Article","@id":"https:\/\/medical-solidarity.org\/de\/mir-ist-es-wichtig-den-individuellen-menschen-zu-sehen-was-wir-machen-ist-keine-wohltaetigkeit-gesundheitsversorgung-ist-ein-menschenrecht-ich-hatte\/#article","isPartOf":{"@id":"https:\/\/medical-solidarity.org\/de\/mir-ist-es-wichtig-den-individuellen-menschen-zu-sehen-was-wir-machen-ist-keine-wohltaetigkeit-gesundheitsversorgung-ist-ein-menschenrecht-ich-hatte\/"},"author":{"name":"civicrm meyer-martin","@id":"https:\/\/medical-solidarity.org\/de\/#\/schema\/person\/ef6d57283fb6cbec400724f2372ea4af"},"headline":"\u201cMir ist es wichtig, den individuellen Menschen zu sehen\u201d \/\/ \u201cWas wir machen ist keine Wohlt\u00e4tigkeit. Gesundheitsversorgung ist ein Menschenrecht\u201d \u201cIch hatte vorher mehr Vertrauen in die EU","datePublished":"2021-11-12T18:55:15+00:00","dateModified":"2021-11-19T16:21:06+00:00","mainEntityOfPage":{"@id":"https:\/\/medical-solidarity.org\/de\/mir-ist-es-wichtig-den-individuellen-menschen-zu-sehen-was-wir-machen-ist-keine-wohltaetigkeit-gesundheitsversorgung-ist-ein-menschenrecht-ich-hatte\/"},"wordCount":845,"commentCount":0,"publisher":{"@id":"https:\/\/medical-solidarity.org\/de\/#organization"},"image":{"@id":"https:\/\/medical-solidarity.org\/de\/mir-ist-es-wichtig-den-individuellen-menschen-zu-sehen-was-wir-machen-ist-keine-wohltaetigkeit-gesundheitsversorgung-ist-ein-menschenrecht-ich-hatte\/#primaryimage"},"thumbnailUrl":"https:\/\/medical-solidarity.org\/wp-content\/uploads\/2021\/11\/Website_Portrait_Nicolai.jpg","articleSection":["Interview"],"inLanguage":"de","potentialAction":[{"@type":"CommentAction","name":"Comment","target":["https:\/\/medical-solidarity.org\/de\/mir-ist-es-wichtig-den-individuellen-menschen-zu-sehen-was-wir-machen-ist-keine-wohltaetigkeit-gesundheitsversorgung-ist-ein-menschenrecht-ich-hatte\/#respond"]}]},{"@type":"WebPage","@id":"https:\/\/medical-solidarity.org\/de\/mir-ist-es-wichtig-den-individuellen-menschen-zu-sehen-was-wir-machen-ist-keine-wohltaetigkeit-gesundheitsversorgung-ist-ein-menschenrecht-ich-hatte\/","url":"https:\/\/medical-solidarity.org\/de\/mir-ist-es-wichtig-den-individuellen-menschen-zu-sehen-was-wir-machen-ist-keine-wohltaetigkeit-gesundheitsversorgung-ist-ein-menschenrecht-ich-hatte\/","name":"\u201cMir ist es wichtig, den individuellen Menschen zu sehen\u201d \/\/ \u201cWas wir machen ist keine Wohlt\u00e4tigkeit. Gesundheitsversorgung ist ein Menschenrecht\u201d \u201cIch hatte vorher mehr Vertrauen in die EU &#8212; Medical Solidarity International","isPartOf":{"@id":"https:\/\/medical-solidarity.org\/de\/#website"},"primaryImageOfPage":{"@id":"https:\/\/medical-solidarity.org\/de\/mir-ist-es-wichtig-den-individuellen-menschen-zu-sehen-was-wir-machen-ist-keine-wohltaetigkeit-gesundheitsversorgung-ist-ein-menschenrecht-ich-hatte\/#primaryimage"},"image":{"@id":"https:\/\/medical-solidarity.org\/de\/mir-ist-es-wichtig-den-individuellen-menschen-zu-sehen-was-wir-machen-ist-keine-wohltaetigkeit-gesundheitsversorgung-ist-ein-menschenrecht-ich-hatte\/#primaryimage"},"thumbnailUrl":"https:\/\/medical-solidarity.org\/wp-content\/uploads\/2021\/11\/Website_Portrait_Nicolai.jpg","datePublished":"2021-11-12T18:55:15+00:00","dateModified":"2021-11-19T16:21:06+00:00","description":"%","breadcrumb":{"@id":"https:\/\/medical-solidarity.org\/de\/mir-ist-es-wichtig-den-individuellen-menschen-zu-sehen-was-wir-machen-ist-keine-wohltaetigkeit-gesundheitsversorgung-ist-ein-menschenrecht-ich-hatte\/#breadcrumb"},"inLanguage":"de","potentialAction":[{"@type":"ReadAction","target":["https:\/\/medical-solidarity.org\/de\/mir-ist-es-wichtig-den-individuellen-menschen-zu-sehen-was-wir-machen-ist-keine-wohltaetigkeit-gesundheitsversorgung-ist-ein-menschenrecht-ich-hatte\/"]}]},{"@type":"ImageObject","inLanguage":"de","@id":"https:\/\/medical-solidarity.org\/de\/mir-ist-es-wichtig-den-individuellen-menschen-zu-sehen-was-wir-machen-ist-keine-wohltaetigkeit-gesundheitsversorgung-ist-ein-menschenrecht-ich-hatte\/#primaryimage","url":"https:\/\/medical-solidarity.org\/wp-content\/uploads\/2021\/11\/Website_Portrait_Nicolai.jpg","contentUrl":"https:\/\/medical-solidarity.org\/wp-content\/uploads\/2021\/11\/Website_Portrait_Nicolai.jpg","width":1200,"height":900},{"@type":"BreadcrumbList","@id":"https:\/\/medical-solidarity.org\/de\/mir-ist-es-wichtig-den-individuellen-menschen-zu-sehen-was-wir-machen-ist-keine-wohltaetigkeit-gesundheitsversorgung-ist-ein-menschenrecht-ich-hatte\/#breadcrumb","itemListElement":[{"@type":"ListItem","position":1,"name":"Home","item":"https:\/\/medical-solidarity.org\/de\/medical-volunteers-2\/"},{"@type":"ListItem","position":2,"name":"\u201cMir ist es wichtig, den individuellen Menschen zu sehen\u201d \/\/ \u201cWas wir machen ist keine Wohlt\u00e4tigkeit. Gesundheitsversorgung ist ein Menschenrecht\u201d \u201cIch hatte vorher mehr Vertrauen in die EU"}]},{"@type":"WebSite","@id":"https:\/\/medical-solidarity.org\/de\/#website","url":"https:\/\/medical-solidarity.org\/de\/","name":"Medical Solidarity International","description":"","publisher":{"@id":"https:\/\/medical-solidarity.org\/de\/#organization"},"potentialAction":[{"@type":"SearchAction","target":{"@type":"EntryPoint","urlTemplate":"https:\/\/medical-solidarity.org\/de\/?s={search_term_string}"},"query-input":{"@type":"PropertyValueSpecification","valueRequired":true,"valueName":"search_term_string"}}],"inLanguage":"de"},{"@type":"Organization","@id":"https:\/\/medical-solidarity.org\/de\/#organization","name":"Medical Solidarity International","url":"https:\/\/medical-solidarity.org\/de\/","logo":{"@type":"ImageObject","inLanguage":"de","@id":"https:\/\/medical-solidarity.org\/de\/#\/schema\/logo\/image\/","url":"https:\/\/medical-solidarity.org\/wp-content\/uploads\/2025\/10\/Logo-rot-schwarz.png","contentUrl":"https:\/\/medical-solidarity.org\/wp-content\/uploads\/2025\/10\/Logo-rot-schwarz.png","width":1421,"height":1500,"caption":"Medical Solidarity International"},"image":{"@id":"https:\/\/medical-solidarity.org\/de\/#\/schema\/logo\/image\/"},"sameAs":["https:\/\/www.facebook.com\/medicalvolunteersinternational\/","https:\/\/x.com\/MVI_Greece","https:\/\/www.instagram.com\/mvi_greece\/"]},{"@type":"Person","@id":"https:\/\/medical-solidarity.org\/de\/#\/schema\/person\/ef6d57283fb6cbec400724f2372ea4af","name":"civicrm meyer-martin","url":"https:\/\/medical-solidarity.org\/de\/author\/civicrmmeyer-martin-com\/"}]}},"_links":{"self":[{"href":"https:\/\/medical-solidarity.org\/de\/wp-json\/wp\/v2\/posts\/10257","targetHints":{"allow":["GET"]}}],"collection":[{"href":"https:\/\/medical-solidarity.org\/de\/wp-json\/wp\/v2\/posts"}],"about":[{"href":"https:\/\/medical-solidarity.org\/de\/wp-json\/wp\/v2\/types\/post"}],"author":[{"embeddable":true,"href":"https:\/\/medical-solidarity.org\/de\/wp-json\/wp\/v2\/users\/48"}],"replies":[{"embeddable":true,"href":"https:\/\/medical-solidarity.org\/de\/wp-json\/wp\/v2\/comments?post=10257"}],"version-history":[{"count":4,"href":"https:\/\/medical-solidarity.org\/de\/wp-json\/wp\/v2\/posts\/10257\/revisions"}],"predecessor-version":[{"id":10423,"href":"https:\/\/medical-solidarity.org\/de\/wp-json\/wp\/v2\/posts\/10257\/revisions\/10423"}],"wp:featuredmedia":[{"embeddable":true,"href":"https:\/\/medical-solidarity.org\/de\/wp-json\/wp\/v2\/media\/10360"}],"wp:attachment":[{"href":"https:\/\/medical-solidarity.org\/de\/wp-json\/wp\/v2\/media?parent=10257"}],"wp:term":[{"taxonomy":"category","embeddable":true,"href":"https:\/\/medical-solidarity.org\/de\/wp-json\/wp\/v2\/categories?post=10257"},{"taxonomy":"post_tag","embeddable":true,"href":"https:\/\/medical-solidarity.org\/de\/wp-json\/wp\/v2\/tags?post=10257"}],"curies":[{"name":"wp","href":"https:\/\/api.w.org\/{rel}","templated":true}]}}