{"id":10564,"date":"2021-12-11T12:53:31","date_gmt":"2021-12-11T11:53:31","guid":{"rendered":"https:\/\/medical-volunteers.org\/?p=10564"},"modified":"2021-12-11T12:53:42","modified_gmt":"2021-12-11T11:53:42","slug":"alleinstehende-gefluechtete-maenner-erleben-haeufig-stigmatisierung-und-rassismus-und-werden-von-grundlegenden-hilfsangeboten-ausgeschlossen","status":"publish","type":"post","link":"https:\/\/medical-solidarity.org\/de\/alleinstehende-gefluechtete-maenner-erleben-haeufig-stigmatisierung-und-rassismus-und-werden-von-grundlegenden-hilfsangeboten-ausgeschlossen\/","title":{"rendered":"\u201cAlleinstehende gefl\u00fcchtete M\u00e4nner erleben h\u00e4ufig Stigmatisierung und Rassismus und werden von grundlegenden Hilfsangeboten ausgeschlossen\u201d"},"content":{"rendered":"<p>&nbsp;<\/p>\n<blockquote><p><b>Roja Massoumi 31, ist klinische Psychologin. Sie wuchs in G\u00f6ttingen auf, studierte in Osnabr\u00fcck, Graz und Istanbul. Heute koordiniert sie das Mental Health Project f\u00fcr Erwachsene auf Lesbos. <\/b><\/p><\/blockquote>\n<p><b>Du warst 2016 das erste Mal als Freiwillige auf Lesbos. Heute bist du Koordinatorin des Mental Health Projects f\u00fcr Erwachsene. Was hat dich motiviert?<br \/>\n<\/b><span style=\"font-weight: 400;\">Ich bin als Person of Color in einer mehrheitlich <\/span><i><span style=\"font-weight: 400;\">Wei\u00dfen <\/span><\/i><span style=\"font-weight: 400;\">Gesellschaft in Deutschland aufgewachsen. Meine Eltern sind ExiliranerInnen. Sie haben es trotz allen Hindernissen geschafft, uns ein gutes Leben in Deutschland zu erm\u00f6glichen. Ich wusste schon fr\u00fch, dass ich meine Privilegien meinen Eltern zu verdanken habe und ich Gl\u00fcck hatte mit einem deutschen Pass in Sicherheit aufzuwachsen. Aufgrund meiner eigenen Familiengeschichte, wollte ich mein Wissen und K\u00f6nnen sinnvoll nutzen \u2013\u00a0und es mit den Menschen teilen, die dieses Gl\u00fcck nicht haben.\u00a0<\/span><\/p>\n<p><b>Euer Hilfsangebot richtet sich gezielt an M\u00e4nner, die alleine auf der Flucht sind. Warum?<br \/>\n<\/b><span style=\"font-weight: 400;\">Wir haben erkannt, dass M\u00e4nner, die alleine geflohen sind, h\u00e4ufig vom System benachteiligt sind. Die meisten sind zwischen 19-28 Jahre alt und werden ihrer Jugend beraubt. Sie erleben h\u00e4ufig Stigmatisierung und Rassismus und werden von grundlegenden Hilfsangeboten ausgeschlossen. F\u00fcr Familien, Kinder und Frauen wird eher gespendet und sie erhalten mehr konkrete Hilfsangebote und andere Vorteile. Ein Beispiel: Familien im Camp sind inzwischen in kleine Container- die immer noch lebensunw\u00fcrdig sind- umgezogen. Alleinstehenden M\u00e4nnern hingegen steht diese minimalste Verbesserung der Lebensbedingungen nicht zu. Sie leben immer noch in Gemeinschaftszelten, fr\u00fcher zum Teil mit mehr als 100 anderen Menschen auf engstem Raum, ohne R\u00fcckzugsm\u00f6glichkeiten.<\/span><\/p>\n<p><b>Seit dem Brand im Fl\u00fcchtlingscamp Moria im September 2020 sind heute deutlich weniger Menschen in der Erstaufnahme auf Lesbos. Wer lebt heute noch im Camp?<br \/>\n<\/b><span style=\"font-weight: 400;\">Aufgrund von sogenannten Push Backs werden Menschen illegal und gewaltsam von der Einreise nach Europa gehindert, w\u00e4hrend Menschen mit Asylbescheid die Insel verlassen. Daher nimmt die Zahl der Campbewohner*innen ab. Es sind vor allem Gefl\u00fcchtete, deren Asylantr\u00e4ge abgelehnt wurden, die zur\u00fcckbleiben. Das Asylverfahren lief teilweise ohne Rechtsberatung und augenscheinlich teils unrechtm\u00e4\u00dfig ab. Vor allem alleinstehende M\u00e4nner bekommen h\u00e4ufiger eine Ablehnung des Asylantrags. Sie leben hier zum Teil seit zwei, drei oder vier Jahren \u2013\u00a0manche noch l\u00e4nger. Gleichzeitig sehen sie, wie andere Menschen weiterziehen k\u00f6nnen. Das ist sehr belastend und steigert ein Gef\u00fchl der Hoffnungslosigkeit und Hilflosigkeit. Doch obwohl die Bedingungen hier menschenunw\u00fcrdig sind und die Situation f\u00fcr viele ausweglos zu sein scheint, ist eine R\u00fcckkehr in das Herkunftsland keine Option.<\/span><\/p>\n<p><b>Die meisten eurer Patienten kommen aus Afghanistan. Wie \u00fcberwindet ihr die Sprachbarrieren?<br \/>\n<\/b><span style=\"font-weight: 400;\">Das stimmt. 22 der 25 M\u00e4nner, die wir derzeit einzeln betreuen, kommen aus Afghanistan. Deshalb arbeiten wir eng mit sogenannten \u2018cultural mediators\u2019 zusammen. Sie leben teils selbst im Camp und warten auf ihren Asylentscheid. Ohne unsere Kolleg*innen aus der Community, w\u00e4re unsere Arbeit undenkbar. Sie helfen uns nicht nur beim Sprach- und Kulturverst\u00e4ndnis sondern weisen uns auch auf m\u00f6gliche Fehler aufgrund unserer eurozentristischen Ausbildung hin. Wir sind derzeit ein Team aus f\u00fcnf Mitarbeiter*innen, darunter zwei klinische Psychologinnen, ein Mental Health Worker und zwei cultural mediators.\u00a0<\/span><\/p>\n<p><b>Wie belastend ist die Corona-Pandemie?<br \/>\n<\/b><span style=\"font-weight: 400;\">Die Pandemie und der daraus folgende Lockdown haben zu einer deutlichen Steigerung psychischer Beschwerden gef\u00fchrt. Der Zugang zur Impfung ist nicht allen erm\u00f6glicht, die Bedingungen im Quarant\u00e4ne Bereich des Campes sind untragbar, die Menschen sind rassistischen Polizeikontrollen ausgesetzt und werden im camp wie in einem Gef\u00e4ngnis eingesperrt. W\u00e4hrend sich Geimpfte in Griechenland weitestgehend frei bewegen k\u00f6nnen, d\u00fcrfen die Gefl\u00fcchteten seit einigen Monaten das Camp nur noch wenige Stunden pro Woche verlassen. Den Rest ihrer Zeit sind sie gezwungen an einem unmenschlichen Ort zu verbringen und werden bewusst vom \u00f6ffentlichen Leben ausgeschlossen.<\/span><\/p>\n<p><b>Welche Symptome haben die M\u00e4nner, die euer Gespr\u00e4chsangebot nutzen?<br \/>\n<\/b><span style=\"font-weight: 400;\">Die meisten Menschen haben traumatische Erfahrungen in ihrem Herkunftsland gemacht. Sie waren gezwungen vor Konflikten, Kriegen, Verfolgung und Gewalt zu fliehen. Auch auf ihrer Flucht erlebten sie zus\u00e4tzlich traumatisierende Erlebnisse- in letzter Zeit vermehrt durch gewaltsame illegale Push Backs, Gewalt durch Polizei oder Grenzbeamte. Die potentiell traumatisierenden Erlebnisse h\u00f6ren nach Ankunft jedoch nicht auf. Eine sichere, stabile Umgebung wird ihnen verweigert und sie erleben \u2018continuous traumatic stress\u2019. Dadurch haben viele \u00fcber mehrere Jahre komplexe Traumatisierung erlebt und zeigen teils eine Chronifizierung der Beschwerden.<br \/>\n<\/span><span style=\"font-weight: 400;\">Nat\u00fcrlich gibt es im Camp eine Vielzahl medizinischer Beschwerden. Aber auch schwerwiegende psychische Beschwerden sind aktuell Normalit\u00e4t. Das \u00e4u\u00dfert sich in Trauma bezogenen Symptomen, in Schlaflosigkeit, in Panikattacken, depressivem Verhalten, extremer Trauer und Hoffnungslosigkeit bis hin zu selbstverletzendem Verhalten und vermehrt Suizidgedanken.<\/span><\/p>\n<p>&nbsp;<\/p>\n<p><b>Gibt es Patienten, die ihr nicht in das Programm aufnehmt?<br \/>\n<\/b><span style=\"font-weight: 400;\">Wir versuchen m\u00f6glichst allen, die zu uns kommen, ein Hilfsangebot zu machen. Menschen, die allerdings aktive Suizidabsichten \u00e4u\u00dfern oder zus\u00e4tzlich psychiatrische Behandlung ben\u00f6tigen, nehmen wir nicht auf, sondern vermitteln sie an geeignete Partnerorganisationen, die bestenfalls die richtige Hilfe anbieten k\u00f6nnen. <\/span><\/p>\n<p><a class=\"avia-button avia-color-theme-color avia-size-x-large avia-position-center\" href=\"https:\/\/medical-volunteers.org\/donate-now\/\">DONATE NOW<\/a><\/p>\n","protected":false},"excerpt":{"rendered":"<p>&nbsp; Roja Massoumi 31, ist klinische Psychologin. Sie wuchs in G\u00f6ttingen auf, studierte in Osnabr\u00fcck, Graz und Istanbul. Heute koordiniert sie das Mental Health Project f\u00fcr Erwachsene auf Lesbos. Du warst 2016 das erste Mal als Freiwillige auf Lesbos. Heute bist du Koordinatorin des Mental Health Projects f\u00fcr Erwachsene. Was hat dich motiviert? Ich bin [&hellip;]<\/p>\n","protected":false},"author":48,"featured_media":10568,"comment_status":"open","ping_status":"open","sticky":false,"template":"","format":"standard","meta":{"footnotes":""},"categories":[58],"tags":[],"class_list":["post-10564","post","type-post","status-publish","format-standard","has-post-thumbnail","hentry","category-interview-de"],"yoast_head":"<!-- This site is optimized with the Yoast SEO plugin v27.4 - https:\/\/yoast.com\/product\/yoast-seo-wordpress\/ -->\n<title>\u201cAlleinstehende gefl\u00fcchtete M\u00e4nner erleben h\u00e4ufig Stigmatisierung und Rassismus und werden von grundlegenden Hilfsangeboten ausgeschlossen\u201d &#8212; Medical Solidarity International<\/title>\n<meta name=\"description\" content=\"%\" \/>\n<meta name=\"robots\" content=\"index, follow, max-snippet:-1, max-image-preview:large, max-video-preview:-1\" \/>\n<link rel=\"canonical\" href=\"https:\/\/medical-solidarity.org\/de\/alleinstehende-gefluechtete-maenner-erleben-haeufig-stigmatisierung-und-rassismus-und-werden-von-grundlegenden-hilfsangeboten-ausgeschlossen\/\" \/>\n<meta property=\"og:locale\" content=\"de_DE\" \/>\n<meta property=\"og:type\" content=\"article\" \/>\n<meta property=\"og:title\" content=\"\u201cAlleinstehende gefl\u00fcchtete M\u00e4nner erleben h\u00e4ufig Stigmatisierung und Rassismus und werden von grundlegenden Hilfsangeboten ausgeschlossen\u201d &#8212; Medical Solidarity International\" \/>\n<meta property=\"og:description\" content=\"%\" \/>\n<meta property=\"og:url\" content=\"https:\/\/medical-solidarity.org\/de\/alleinstehende-gefluechtete-maenner-erleben-haeufig-stigmatisierung-und-rassismus-und-werden-von-grundlegenden-hilfsangeboten-ausgeschlossen\/\" \/>\n<meta property=\"og:site_name\" content=\"Medical Solidarity International\" \/>\n<meta property=\"article:publisher\" content=\"https:\/\/www.facebook.com\/medicalvolunteersinternational\/\" \/>\n<meta property=\"article:published_time\" content=\"2021-12-11T11:53:31+00:00\" \/>\n<meta property=\"article:modified_time\" content=\"2021-12-11T11:53:42+00:00\" \/>\n<meta property=\"og:image\" content=\"https:\/\/medical-solidarity.org\/wp-content\/uploads\/2021\/12\/WEB_Roja_Portrait.jpg\" \/>\n\t<meta property=\"og:image:width\" content=\"1800\" \/>\n\t<meta property=\"og:image:height\" content=\"1013\" \/>\n\t<meta property=\"og:image:type\" content=\"image\/jpeg\" \/>\n<meta name=\"author\" content=\"civicrm meyer-martin\" \/>\n<meta name=\"twitter:card\" content=\"summary_large_image\" \/>\n<meta name=\"twitter:creator\" content=\"@MVI_Greece\" \/>\n<meta name=\"twitter:site\" content=\"@MVI_Greece\" \/>\n<meta name=\"twitter:label1\" content=\"Verfasst von\" \/>\n\t<meta name=\"twitter:data1\" content=\"civicrm meyer-martin\" \/>\n\t<meta name=\"twitter:label2\" content=\"Gesch\u00e4tzte Lesezeit\" \/>\n\t<meta name=\"twitter:data2\" content=\"4\u00a0Minuten\" \/>\n<script type=\"application\/ld+json\" class=\"yoast-schema-graph\">{\"@context\":\"https:\\\/\\\/schema.org\",\"@graph\":[{\"@type\":\"Article\",\"@id\":\"https:\\\/\\\/medical-solidarity.org\\\/de\\\/alleinstehende-gefluechtete-maenner-erleben-haeufig-stigmatisierung-und-rassismus-und-werden-von-grundlegenden-hilfsangeboten-ausgeschlossen\\\/#article\",\"isPartOf\":{\"@id\":\"https:\\\/\\\/medical-solidarity.org\\\/de\\\/alleinstehende-gefluechtete-maenner-erleben-haeufig-stigmatisierung-und-rassismus-und-werden-von-grundlegenden-hilfsangeboten-ausgeschlossen\\\/\"},\"author\":{\"name\":\"civicrm meyer-martin\",\"@id\":\"https:\\\/\\\/medical-solidarity.org\\\/de\\\/#\\\/schema\\\/person\\\/ef6d57283fb6cbec400724f2372ea4af\"},\"headline\":\"\u201cAlleinstehende gefl\u00fcchtete M\u00e4nner erleben h\u00e4ufig Stigmatisierung und Rassismus und werden von grundlegenden Hilfsangeboten ausgeschlossen\u201d\",\"datePublished\":\"2021-12-11T11:53:31+00:00\",\"dateModified\":\"2021-12-11T11:53:42+00:00\",\"mainEntityOfPage\":{\"@id\":\"https:\\\/\\\/medical-solidarity.org\\\/de\\\/alleinstehende-gefluechtete-maenner-erleben-haeufig-stigmatisierung-und-rassismus-und-werden-von-grundlegenden-hilfsangeboten-ausgeschlossen\\\/\"},\"wordCount\":847,\"commentCount\":0,\"publisher\":{\"@id\":\"https:\\\/\\\/medical-solidarity.org\\\/de\\\/#organization\"},\"image\":{\"@id\":\"https:\\\/\\\/medical-solidarity.org\\\/de\\\/alleinstehende-gefluechtete-maenner-erleben-haeufig-stigmatisierung-und-rassismus-und-werden-von-grundlegenden-hilfsangeboten-ausgeschlossen\\\/#primaryimage\"},\"thumbnailUrl\":\"https:\\\/\\\/medical-solidarity.org\\\/wp-content\\\/uploads\\\/2021\\\/12\\\/WEB_Roja_Portrait.jpg\",\"articleSection\":[\"Interview\"],\"inLanguage\":\"de\",\"potentialAction\":[{\"@type\":\"CommentAction\",\"name\":\"Comment\",\"target\":[\"https:\\\/\\\/medical-solidarity.org\\\/de\\\/alleinstehende-gefluechtete-maenner-erleben-haeufig-stigmatisierung-und-rassismus-und-werden-von-grundlegenden-hilfsangeboten-ausgeschlossen\\\/#respond\"]}]},{\"@type\":\"WebPage\",\"@id\":\"https:\\\/\\\/medical-solidarity.org\\\/de\\\/alleinstehende-gefluechtete-maenner-erleben-haeufig-stigmatisierung-und-rassismus-und-werden-von-grundlegenden-hilfsangeboten-ausgeschlossen\\\/\",\"url\":\"https:\\\/\\\/medical-solidarity.org\\\/de\\\/alleinstehende-gefluechtete-maenner-erleben-haeufig-stigmatisierung-und-rassismus-und-werden-von-grundlegenden-hilfsangeboten-ausgeschlossen\\\/\",\"name\":\"\u201cAlleinstehende gefl\u00fcchtete M\u00e4nner erleben h\u00e4ufig Stigmatisierung und Rassismus und werden von grundlegenden Hilfsangeboten ausgeschlossen\u201d &#8212; Medical Solidarity International\",\"isPartOf\":{\"@id\":\"https:\\\/\\\/medical-solidarity.org\\\/de\\\/#website\"},\"primaryImageOfPage\":{\"@id\":\"https:\\\/\\\/medical-solidarity.org\\\/de\\\/alleinstehende-gefluechtete-maenner-erleben-haeufig-stigmatisierung-und-rassismus-und-werden-von-grundlegenden-hilfsangeboten-ausgeschlossen\\\/#primaryimage\"},\"image\":{\"@id\":\"https:\\\/\\\/medical-solidarity.org\\\/de\\\/alleinstehende-gefluechtete-maenner-erleben-haeufig-stigmatisierung-und-rassismus-und-werden-von-grundlegenden-hilfsangeboten-ausgeschlossen\\\/#primaryimage\"},\"thumbnailUrl\":\"https:\\\/\\\/medical-solidarity.org\\\/wp-content\\\/uploads\\\/2021\\\/12\\\/WEB_Roja_Portrait.jpg\",\"datePublished\":\"2021-12-11T11:53:31+00:00\",\"dateModified\":\"2021-12-11T11:53:42+00:00\",\"description\":\"%\",\"breadcrumb\":{\"@id\":\"https:\\\/\\\/medical-solidarity.org\\\/de\\\/alleinstehende-gefluechtete-maenner-erleben-haeufig-stigmatisierung-und-rassismus-und-werden-von-grundlegenden-hilfsangeboten-ausgeschlossen\\\/#breadcrumb\"},\"inLanguage\":\"de\",\"potentialAction\":[{\"@type\":\"ReadAction\",\"target\":[\"https:\\\/\\\/medical-solidarity.org\\\/de\\\/alleinstehende-gefluechtete-maenner-erleben-haeufig-stigmatisierung-und-rassismus-und-werden-von-grundlegenden-hilfsangeboten-ausgeschlossen\\\/\"]}]},{\"@type\":\"ImageObject\",\"inLanguage\":\"de\",\"@id\":\"https:\\\/\\\/medical-solidarity.org\\\/de\\\/alleinstehende-gefluechtete-maenner-erleben-haeufig-stigmatisierung-und-rassismus-und-werden-von-grundlegenden-hilfsangeboten-ausgeschlossen\\\/#primaryimage\",\"url\":\"https:\\\/\\\/medical-solidarity.org\\\/wp-content\\\/uploads\\\/2021\\\/12\\\/WEB_Roja_Portrait.jpg\",\"contentUrl\":\"https:\\\/\\\/medical-solidarity.org\\\/wp-content\\\/uploads\\\/2021\\\/12\\\/WEB_Roja_Portrait.jpg\",\"width\":1800,\"height\":1013},{\"@type\":\"BreadcrumbList\",\"@id\":\"https:\\\/\\\/medical-solidarity.org\\\/de\\\/alleinstehende-gefluechtete-maenner-erleben-haeufig-stigmatisierung-und-rassismus-und-werden-von-grundlegenden-hilfsangeboten-ausgeschlossen\\\/#breadcrumb\",\"itemListElement\":[{\"@type\":\"ListItem\",\"position\":1,\"name\":\"Home\",\"item\":\"https:\\\/\\\/medical-solidarity.org\\\/de\\\/medical-volunteers-2\\\/\"},{\"@type\":\"ListItem\",\"position\":2,\"name\":\"\u201cAlleinstehende gefl\u00fcchtete M\u00e4nner erleben h\u00e4ufig Stigmatisierung und Rassismus und werden von grundlegenden Hilfsangeboten ausgeschlossen\u201d\"}]},{\"@type\":\"WebSite\",\"@id\":\"https:\\\/\\\/medical-solidarity.org\\\/de\\\/#website\",\"url\":\"https:\\\/\\\/medical-solidarity.org\\\/de\\\/\",\"name\":\"Medical Solidarity International\",\"description\":\"\",\"publisher\":{\"@id\":\"https:\\\/\\\/medical-solidarity.org\\\/de\\\/#organization\"},\"potentialAction\":[{\"@type\":\"SearchAction\",\"target\":{\"@type\":\"EntryPoint\",\"urlTemplate\":\"https:\\\/\\\/medical-solidarity.org\\\/de\\\/?s={search_term_string}\"},\"query-input\":{\"@type\":\"PropertyValueSpecification\",\"valueRequired\":true,\"valueName\":\"search_term_string\"}}],\"inLanguage\":\"de\"},{\"@type\":\"Organization\",\"@id\":\"https:\\\/\\\/medical-solidarity.org\\\/de\\\/#organization\",\"name\":\"Medical Solidarity International\",\"url\":\"https:\\\/\\\/medical-solidarity.org\\\/de\\\/\",\"logo\":{\"@type\":\"ImageObject\",\"inLanguage\":\"de\",\"@id\":\"https:\\\/\\\/medical-solidarity.org\\\/de\\\/#\\\/schema\\\/logo\\\/image\\\/\",\"url\":\"https:\\\/\\\/medical-solidarity.org\\\/wp-content\\\/uploads\\\/2025\\\/10\\\/Logo-rot-schwarz.png\",\"contentUrl\":\"https:\\\/\\\/medical-solidarity.org\\\/wp-content\\\/uploads\\\/2025\\\/10\\\/Logo-rot-schwarz.png\",\"width\":1421,\"height\":1500,\"caption\":\"Medical Solidarity International\"},\"image\":{\"@id\":\"https:\\\/\\\/medical-solidarity.org\\\/de\\\/#\\\/schema\\\/logo\\\/image\\\/\"},\"sameAs\":[\"https:\\\/\\\/www.facebook.com\\\/medicalvolunteersinternational\\\/\",\"https:\\\/\\\/x.com\\\/MVI_Greece\",\"https:\\\/\\\/www.instagram.com\\\/mvi_greece\\\/\"]},{\"@type\":\"Person\",\"@id\":\"https:\\\/\\\/medical-solidarity.org\\\/de\\\/#\\\/schema\\\/person\\\/ef6d57283fb6cbec400724f2372ea4af\",\"name\":\"civicrm meyer-martin\",\"url\":\"https:\\\/\\\/medical-solidarity.org\\\/de\\\/author\\\/civicrmmeyer-martin-com\\\/\"}]}<\/script>\n<!-- \/ Yoast SEO plugin. -->","yoast_head_json":{"title":"\u201cAlleinstehende gefl\u00fcchtete M\u00e4nner erleben h\u00e4ufig Stigmatisierung und Rassismus und werden von grundlegenden Hilfsangeboten ausgeschlossen\u201d &#8212; Medical Solidarity International","description":"%","robots":{"index":"index","follow":"follow","max-snippet":"max-snippet:-1","max-image-preview":"max-image-preview:large","max-video-preview":"max-video-preview:-1"},"canonical":"https:\/\/medical-solidarity.org\/de\/alleinstehende-gefluechtete-maenner-erleben-haeufig-stigmatisierung-und-rassismus-und-werden-von-grundlegenden-hilfsangeboten-ausgeschlossen\/","og_locale":"de_DE","og_type":"article","og_title":"\u201cAlleinstehende gefl\u00fcchtete M\u00e4nner erleben h\u00e4ufig Stigmatisierung und Rassismus und werden von grundlegenden Hilfsangeboten ausgeschlossen\u201d &#8212; Medical Solidarity International","og_description":"%","og_url":"https:\/\/medical-solidarity.org\/de\/alleinstehende-gefluechtete-maenner-erleben-haeufig-stigmatisierung-und-rassismus-und-werden-von-grundlegenden-hilfsangeboten-ausgeschlossen\/","og_site_name":"Medical Solidarity International","article_publisher":"https:\/\/www.facebook.com\/medicalvolunteersinternational\/","article_published_time":"2021-12-11T11:53:31+00:00","article_modified_time":"2021-12-11T11:53:42+00:00","og_image":[{"width":1800,"height":1013,"url":"https:\/\/medical-solidarity.org\/wp-content\/uploads\/2021\/12\/WEB_Roja_Portrait.jpg","type":"image\/jpeg"}],"author":"civicrm meyer-martin","twitter_card":"summary_large_image","twitter_creator":"@MVI_Greece","twitter_site":"@MVI_Greece","twitter_misc":{"Verfasst von":"civicrm meyer-martin","Gesch\u00e4tzte Lesezeit":"4\u00a0Minuten"},"schema":{"@context":"https:\/\/schema.org","@graph":[{"@type":"Article","@id":"https:\/\/medical-solidarity.org\/de\/alleinstehende-gefluechtete-maenner-erleben-haeufig-stigmatisierung-und-rassismus-und-werden-von-grundlegenden-hilfsangeboten-ausgeschlossen\/#article","isPartOf":{"@id":"https:\/\/medical-solidarity.org\/de\/alleinstehende-gefluechtete-maenner-erleben-haeufig-stigmatisierung-und-rassismus-und-werden-von-grundlegenden-hilfsangeboten-ausgeschlossen\/"},"author":{"name":"civicrm meyer-martin","@id":"https:\/\/medical-solidarity.org\/de\/#\/schema\/person\/ef6d57283fb6cbec400724f2372ea4af"},"headline":"\u201cAlleinstehende gefl\u00fcchtete M\u00e4nner erleben h\u00e4ufig Stigmatisierung und Rassismus und werden von grundlegenden Hilfsangeboten ausgeschlossen\u201d","datePublished":"2021-12-11T11:53:31+00:00","dateModified":"2021-12-11T11:53:42+00:00","mainEntityOfPage":{"@id":"https:\/\/medical-solidarity.org\/de\/alleinstehende-gefluechtete-maenner-erleben-haeufig-stigmatisierung-und-rassismus-und-werden-von-grundlegenden-hilfsangeboten-ausgeschlossen\/"},"wordCount":847,"commentCount":0,"publisher":{"@id":"https:\/\/medical-solidarity.org\/de\/#organization"},"image":{"@id":"https:\/\/medical-solidarity.org\/de\/alleinstehende-gefluechtete-maenner-erleben-haeufig-stigmatisierung-und-rassismus-und-werden-von-grundlegenden-hilfsangeboten-ausgeschlossen\/#primaryimage"},"thumbnailUrl":"https:\/\/medical-solidarity.org\/wp-content\/uploads\/2021\/12\/WEB_Roja_Portrait.jpg","articleSection":["Interview"],"inLanguage":"de","potentialAction":[{"@type":"CommentAction","name":"Comment","target":["https:\/\/medical-solidarity.org\/de\/alleinstehende-gefluechtete-maenner-erleben-haeufig-stigmatisierung-und-rassismus-und-werden-von-grundlegenden-hilfsangeboten-ausgeschlossen\/#respond"]}]},{"@type":"WebPage","@id":"https:\/\/medical-solidarity.org\/de\/alleinstehende-gefluechtete-maenner-erleben-haeufig-stigmatisierung-und-rassismus-und-werden-von-grundlegenden-hilfsangeboten-ausgeschlossen\/","url":"https:\/\/medical-solidarity.org\/de\/alleinstehende-gefluechtete-maenner-erleben-haeufig-stigmatisierung-und-rassismus-und-werden-von-grundlegenden-hilfsangeboten-ausgeschlossen\/","name":"\u201cAlleinstehende gefl\u00fcchtete M\u00e4nner erleben h\u00e4ufig Stigmatisierung und Rassismus und werden von grundlegenden Hilfsangeboten ausgeschlossen\u201d &#8212; Medical Solidarity International","isPartOf":{"@id":"https:\/\/medical-solidarity.org\/de\/#website"},"primaryImageOfPage":{"@id":"https:\/\/medical-solidarity.org\/de\/alleinstehende-gefluechtete-maenner-erleben-haeufig-stigmatisierung-und-rassismus-und-werden-von-grundlegenden-hilfsangeboten-ausgeschlossen\/#primaryimage"},"image":{"@id":"https:\/\/medical-solidarity.org\/de\/alleinstehende-gefluechtete-maenner-erleben-haeufig-stigmatisierung-und-rassismus-und-werden-von-grundlegenden-hilfsangeboten-ausgeschlossen\/#primaryimage"},"thumbnailUrl":"https:\/\/medical-solidarity.org\/wp-content\/uploads\/2021\/12\/WEB_Roja_Portrait.jpg","datePublished":"2021-12-11T11:53:31+00:00","dateModified":"2021-12-11T11:53:42+00:00","description":"%","breadcrumb":{"@id":"https:\/\/medical-solidarity.org\/de\/alleinstehende-gefluechtete-maenner-erleben-haeufig-stigmatisierung-und-rassismus-und-werden-von-grundlegenden-hilfsangeboten-ausgeschlossen\/#breadcrumb"},"inLanguage":"de","potentialAction":[{"@type":"ReadAction","target":["https:\/\/medical-solidarity.org\/de\/alleinstehende-gefluechtete-maenner-erleben-haeufig-stigmatisierung-und-rassismus-und-werden-von-grundlegenden-hilfsangeboten-ausgeschlossen\/"]}]},{"@type":"ImageObject","inLanguage":"de","@id":"https:\/\/medical-solidarity.org\/de\/alleinstehende-gefluechtete-maenner-erleben-haeufig-stigmatisierung-und-rassismus-und-werden-von-grundlegenden-hilfsangeboten-ausgeschlossen\/#primaryimage","url":"https:\/\/medical-solidarity.org\/wp-content\/uploads\/2021\/12\/WEB_Roja_Portrait.jpg","contentUrl":"https:\/\/medical-solidarity.org\/wp-content\/uploads\/2021\/12\/WEB_Roja_Portrait.jpg","width":1800,"height":1013},{"@type":"BreadcrumbList","@id":"https:\/\/medical-solidarity.org\/de\/alleinstehende-gefluechtete-maenner-erleben-haeufig-stigmatisierung-und-rassismus-und-werden-von-grundlegenden-hilfsangeboten-ausgeschlossen\/#breadcrumb","itemListElement":[{"@type":"ListItem","position":1,"name":"Home","item":"https:\/\/medical-solidarity.org\/de\/medical-volunteers-2\/"},{"@type":"ListItem","position":2,"name":"\u201cAlleinstehende gefl\u00fcchtete M\u00e4nner erleben h\u00e4ufig Stigmatisierung und Rassismus und werden von grundlegenden Hilfsangeboten ausgeschlossen\u201d"}]},{"@type":"WebSite","@id":"https:\/\/medical-solidarity.org\/de\/#website","url":"https:\/\/medical-solidarity.org\/de\/","name":"Medical Solidarity International","description":"","publisher":{"@id":"https:\/\/medical-solidarity.org\/de\/#organization"},"potentialAction":[{"@type":"SearchAction","target":{"@type":"EntryPoint","urlTemplate":"https:\/\/medical-solidarity.org\/de\/?s={search_term_string}"},"query-input":{"@type":"PropertyValueSpecification","valueRequired":true,"valueName":"search_term_string"}}],"inLanguage":"de"},{"@type":"Organization","@id":"https:\/\/medical-solidarity.org\/de\/#organization","name":"Medical Solidarity International","url":"https:\/\/medical-solidarity.org\/de\/","logo":{"@type":"ImageObject","inLanguage":"de","@id":"https:\/\/medical-solidarity.org\/de\/#\/schema\/logo\/image\/","url":"https:\/\/medical-solidarity.org\/wp-content\/uploads\/2025\/10\/Logo-rot-schwarz.png","contentUrl":"https:\/\/medical-solidarity.org\/wp-content\/uploads\/2025\/10\/Logo-rot-schwarz.png","width":1421,"height":1500,"caption":"Medical Solidarity International"},"image":{"@id":"https:\/\/medical-solidarity.org\/de\/#\/schema\/logo\/image\/"},"sameAs":["https:\/\/www.facebook.com\/medicalvolunteersinternational\/","https:\/\/x.com\/MVI_Greece","https:\/\/www.instagram.com\/mvi_greece\/"]},{"@type":"Person","@id":"https:\/\/medical-solidarity.org\/de\/#\/schema\/person\/ef6d57283fb6cbec400724f2372ea4af","name":"civicrm meyer-martin","url":"https:\/\/medical-solidarity.org\/de\/author\/civicrmmeyer-martin-com\/"}]}},"_links":{"self":[{"href":"https:\/\/medical-solidarity.org\/de\/wp-json\/wp\/v2\/posts\/10564","targetHints":{"allow":["GET"]}}],"collection":[{"href":"https:\/\/medical-solidarity.org\/de\/wp-json\/wp\/v2\/posts"}],"about":[{"href":"https:\/\/medical-solidarity.org\/de\/wp-json\/wp\/v2\/types\/post"}],"author":[{"embeddable":true,"href":"https:\/\/medical-solidarity.org\/de\/wp-json\/wp\/v2\/users\/48"}],"replies":[{"embeddable":true,"href":"https:\/\/medical-solidarity.org\/de\/wp-json\/wp\/v2\/comments?post=10564"}],"version-history":[{"count":2,"href":"https:\/\/medical-solidarity.org\/de\/wp-json\/wp\/v2\/posts\/10564\/revisions"}],"predecessor-version":[{"id":10571,"href":"https:\/\/medical-solidarity.org\/de\/wp-json\/wp\/v2\/posts\/10564\/revisions\/10571"}],"wp:featuredmedia":[{"embeddable":true,"href":"https:\/\/medical-solidarity.org\/de\/wp-json\/wp\/v2\/media\/10568"}],"wp:attachment":[{"href":"https:\/\/medical-solidarity.org\/de\/wp-json\/wp\/v2\/media?parent=10564"}],"wp:term":[{"taxonomy":"category","embeddable":true,"href":"https:\/\/medical-solidarity.org\/de\/wp-json\/wp\/v2\/categories?post=10564"},{"taxonomy":"post_tag","embeddable":true,"href":"https:\/\/medical-solidarity.org\/de\/wp-json\/wp\/v2\/tags?post=10564"}],"curies":[{"name":"wp","href":"https:\/\/api.w.org\/{rel}","templated":true}]}}