{"id":10731,"date":"2022-03-16T11:06:47","date_gmt":"2022-03-16T10:06:47","guid":{"rendered":"https:\/\/medical-volunteers.org\/?p=10731"},"modified":"2022-03-16T11:11:12","modified_gmt":"2022-03-16T10:11:12","slug":"gemeinsam-stark-netzwerke-fuer-integration","status":"publish","type":"post","link":"https:\/\/medical-solidarity.org\/de\/gemeinsam-stark-netzwerke-fuer-integration\/","title":{"rendered":"Gemeinsam stark &#8211; Netzwerke f\u00fcr Integration"},"content":{"rendered":"<p style=\"text-align: center;\">Angesichts der vor allem mit Blick auf die Menschenrechte katastrophalen Situation in der Ukraine, sowie an den anderen europ\u00e4ischen Au\u00dfengrenzen die hier nicht zu vergessen sind, starten wir nun unser neues Projekt <strong>\u201eGemeinsam stark \u2013 Netzwerke f\u00fcr Integration\u201c<\/strong><\/p>\n<p style=\"text-align: center;\">Unser neues Projekt soll Grenzen \u00fcberwinden und ein bundesweites Netzwerk schaffen, es soll eine Anlaufstelle sein f\u00fcr Gefl\u00fcchtete, denen die Odysee nach Deutschland gelungen ist und ebenso f\u00fcr Volunteers und Interessierte um sich auszutauschen, sich gegenseitig zu supporten und zu empowern.<\/p>\n<p style=\"text-align: center;\">Zun\u00e4chst suchen wir engagierte Personen, die als Regionalkoordinator:innen dabei unterst\u00fctzen ein ein m\u00f6glichst bundesweites Netzwerk aufzubauen und zu implementieren.<\/p>\n<p><img fetchpriority=\"high\" decoding=\"async\" class=\"size-medium wp-image-10733 aligncenter\" src=\"https:\/\/medical-volunteers.org\/wp-content\/uploads\/2022\/03\/Wanted-Grafik-Deutsch-300x186.jpg\" alt=\"\" width=\"300\" height=\"186\" srcset=\"https:\/\/medical-solidarity.org\/wp-content\/uploads\/2022\/03\/Wanted-Grafik-Deutsch-300x186.jpg 300w, https:\/\/medical-solidarity.org\/wp-content\/uploads\/2022\/03\/Wanted-Grafik-Deutsch-1030x637.jpg 1030w, https:\/\/medical-solidarity.org\/wp-content\/uploads\/2022\/03\/Wanted-Grafik-Deutsch-768x475.jpg 768w, https:\/\/medical-solidarity.org\/wp-content\/uploads\/2022\/03\/Wanted-Grafik-Deutsch-1536x951.jpg 1536w, https:\/\/medical-solidarity.org\/wp-content\/uploads\/2022\/03\/Wanted-Grafik-Deutsch-1500x928.jpg 1500w, https:\/\/medical-solidarity.org\/wp-content\/uploads\/2022\/03\/Wanted-Grafik-Deutsch-705x436.jpg 705w, https:\/\/medical-solidarity.org\/wp-content\/uploads\/2022\/03\/Wanted-Grafik-Deutsch.jpg 1800w\" sizes=\"(max-width: 300px) 100vw, 300px\" \/><\/p>\n<p>F\u00fcr weitere Infos oder falls du Interesse hast beim Aufbau aktuell mitzuwirken melde dich bei unserer Projektkoordinatorin Sarah unter: sarah.schneider@medical-volunteers.org<\/p>\n<p>&nbsp;<\/p>\n","protected":false},"excerpt":{"rendered":"<p>Angesichts der vor allem mit Blick auf die Menschenrechte katastrophalen Situation in der Ukraine, sowie an den anderen europ\u00e4ischen Au\u00dfengrenzen die hier nicht zu vergessen sind, starten wir nun unser neues Projekt \u201eGemeinsam stark \u2013 Netzwerke f\u00fcr Integration\u201c Unser neues Projekt soll Grenzen \u00fcberwinden und ein bundesweites Netzwerk schaffen, es soll eine Anlaufstelle sein f\u00fcr [&hellip;]<\/p>\n","protected":false},"author":34,"featured_media":0,"comment_status":"open","ping_status":"open","sticky":false,"template":"","format":"standard","meta":{"footnotes":""},"categories":[57],"tags":[],"class_list":["post-10731","post","type-post","status-publish","format-standard","hentry","category-news-de"],"yoast_head":"<!-- This site is optimized with the Yoast SEO plugin v27.4 - https:\/\/yoast.com\/product\/yoast-seo-wordpress\/ -->\n<title>Gemeinsam stark - Netzwerke f\u00fcr Integration &#8212; Medical Solidarity International<\/title>\n<meta name=\"robots\" content=\"index, follow, max-snippet:-1, max-image-preview:large, max-video-preview:-1\" \/>\n<link rel=\"canonical\" href=\"https:\/\/medical-solidarity.org\/de\/gemeinsam-stark-netzwerke-fuer-integration\/\" \/>\n<meta property=\"og:locale\" content=\"de_DE\" \/>\n<meta property=\"og:type\" content=\"article\" \/>\n<meta property=\"og:title\" content=\"Gemeinsam stark - Netzwerke f\u00fcr Integration &#8212; Medical Solidarity International\" \/>\n<meta property=\"og:description\" content=\"Angesichts der vor allem mit Blick auf die Menschenrechte katastrophalen Situation in der Ukraine, sowie an den anderen europ\u00e4ischen Au\u00dfengrenzen die hier nicht zu vergessen sind, starten wir nun unser neues Projekt \u201eGemeinsam stark \u2013 Netzwerke f\u00fcr Integration\u201c Unser neues Projekt soll Grenzen \u00fcberwinden und ein bundesweites Netzwerk schaffen, es soll eine Anlaufstelle sein f\u00fcr [&hellip;]\" \/>\n<meta property=\"og:url\" content=\"https:\/\/medical-solidarity.org\/de\/gemeinsam-stark-netzwerke-fuer-integration\/\" \/>\n<meta property=\"og:site_name\" content=\"Medical Solidarity International\" \/>\n<meta property=\"article:publisher\" content=\"https:\/\/www.facebook.com\/medicalvolunteersinternational\/\" \/>\n<meta property=\"article:published_time\" content=\"2022-03-16T10:06:47+00:00\" \/>\n<meta property=\"article:modified_time\" content=\"2022-03-16T10:11:12+00:00\" \/>\n<meta property=\"og:image\" content=\"https:\/\/medical-volunteers.org\/wp-content\/uploads\/2022\/03\/Wanted-Grafik-Deutsch-300x186.jpg\" \/>\n<meta name=\"author\" content=\"Sarah Schneider\" \/>\n<meta name=\"twitter:card\" content=\"summary_large_image\" \/>\n<meta name=\"twitter:creator\" content=\"@MVI_Greece\" \/>\n<meta name=\"twitter:site\" content=\"@MVI_Greece\" \/>\n<meta name=\"twitter:label1\" content=\"Verfasst von\" \/>\n\t<meta name=\"twitter:data1\" content=\"Sarah Schneider\" \/>\n\t<meta name=\"twitter:label2\" content=\"Gesch\u00e4tzte Lesezeit\" \/>\n\t<meta name=\"twitter:data2\" content=\"1\u00a0Minute\" \/>\n<script type=\"application\/ld+json\" class=\"yoast-schema-graph\">{\"@context\":\"https:\\\/\\\/schema.org\",\"@graph\":[{\"@type\":\"Article\",\"@id\":\"https:\\\/\\\/medical-solidarity.org\\\/de\\\/gemeinsam-stark-netzwerke-fuer-integration\\\/#article\",\"isPartOf\":{\"@id\":\"https:\\\/\\\/medical-solidarity.org\\\/de\\\/gemeinsam-stark-netzwerke-fuer-integration\\\/\"},\"author\":{\"name\":\"Sarah Schneider\",\"@id\":\"https:\\\/\\\/medical-solidarity.org\\\/de\\\/#\\\/schema\\\/person\\\/ee50619f3170b11027ea82303c4f5c72\"},\"headline\":\"Gemeinsam stark &#8211; Netzwerke f\u00fcr Integration\",\"datePublished\":\"2022-03-16T10:06:47+00:00\",\"dateModified\":\"2022-03-16T10:11:12+00:00\",\"mainEntityOfPage\":{\"@id\":\"https:\\\/\\\/medical-solidarity.org\\\/de\\\/gemeinsam-stark-netzwerke-fuer-integration\\\/\"},\"wordCount\":139,\"commentCount\":0,\"publisher\":{\"@id\":\"https:\\\/\\\/medical-solidarity.org\\\/de\\\/#organization\"},\"image\":{\"@id\":\"https:\\\/\\\/medical-solidarity.org\\\/de\\\/gemeinsam-stark-netzwerke-fuer-integration\\\/#primaryimage\"},\"thumbnailUrl\":\"https:\\\/\\\/medical-volunteers.org\\\/wp-content\\\/uploads\\\/2022\\\/03\\\/Wanted-Grafik-Deutsch-300x186.jpg\",\"articleSection\":[\"NEWS\"],\"inLanguage\":\"de\",\"potentialAction\":[{\"@type\":\"CommentAction\",\"name\":\"Comment\",\"target\":[\"https:\\\/\\\/medical-solidarity.org\\\/de\\\/gemeinsam-stark-netzwerke-fuer-integration\\\/#respond\"]}]},{\"@type\":\"WebPage\",\"@id\":\"https:\\\/\\\/medical-solidarity.org\\\/de\\\/gemeinsam-stark-netzwerke-fuer-integration\\\/\",\"url\":\"https:\\\/\\\/medical-solidarity.org\\\/de\\\/gemeinsam-stark-netzwerke-fuer-integration\\\/\",\"name\":\"Gemeinsam stark - Netzwerke f\u00fcr Integration &#8212; Medical Solidarity International\",\"isPartOf\":{\"@id\":\"https:\\\/\\\/medical-solidarity.org\\\/de\\\/#website\"},\"primaryImageOfPage\":{\"@id\":\"https:\\\/\\\/medical-solidarity.org\\\/de\\\/gemeinsam-stark-netzwerke-fuer-integration\\\/#primaryimage\"},\"image\":{\"@id\":\"https:\\\/\\\/medical-solidarity.org\\\/de\\\/gemeinsam-stark-netzwerke-fuer-integration\\\/#primaryimage\"},\"thumbnailUrl\":\"https:\\\/\\\/medical-volunteers.org\\\/wp-content\\\/uploads\\\/2022\\\/03\\\/Wanted-Grafik-Deutsch-300x186.jpg\",\"datePublished\":\"2022-03-16T10:06:47+00:00\",\"dateModified\":\"2022-03-16T10:11:12+00:00\",\"breadcrumb\":{\"@id\":\"https:\\\/\\\/medical-solidarity.org\\\/de\\\/gemeinsam-stark-netzwerke-fuer-integration\\\/#breadcrumb\"},\"inLanguage\":\"de\",\"potentialAction\":[{\"@type\":\"ReadAction\",\"target\":[\"https:\\\/\\\/medical-solidarity.org\\\/de\\\/gemeinsam-stark-netzwerke-fuer-integration\\\/\"]}]},{\"@type\":\"ImageObject\",\"inLanguage\":\"de\",\"@id\":\"https:\\\/\\\/medical-solidarity.org\\\/de\\\/gemeinsam-stark-netzwerke-fuer-integration\\\/#primaryimage\",\"url\":\"https:\\\/\\\/medical-volunteers.org\\\/wp-content\\\/uploads\\\/2022\\\/03\\\/Wanted-Grafik-Deutsch-300x186.jpg\",\"contentUrl\":\"https:\\\/\\\/medical-volunteers.org\\\/wp-content\\\/uploads\\\/2022\\\/03\\\/Wanted-Grafik-Deutsch-300x186.jpg\"},{\"@type\":\"BreadcrumbList\",\"@id\":\"https:\\\/\\\/medical-solidarity.org\\\/de\\\/gemeinsam-stark-netzwerke-fuer-integration\\\/#breadcrumb\",\"itemListElement\":[{\"@type\":\"ListItem\",\"position\":1,\"name\":\"Home\",\"item\":\"https:\\\/\\\/medical-solidarity.org\\\/de\\\/medical-volunteers-2\\\/\"},{\"@type\":\"ListItem\",\"position\":2,\"name\":\"Gemeinsam stark &#8211; Netzwerke f\u00fcr Integration\"}]},{\"@type\":\"WebSite\",\"@id\":\"https:\\\/\\\/medical-solidarity.org\\\/de\\\/#website\",\"url\":\"https:\\\/\\\/medical-solidarity.org\\\/de\\\/\",\"name\":\"Medical Solidarity International\",\"description\":\"\",\"publisher\":{\"@id\":\"https:\\\/\\\/medical-solidarity.org\\\/de\\\/#organization\"},\"potentialAction\":[{\"@type\":\"SearchAction\",\"target\":{\"@type\":\"EntryPoint\",\"urlTemplate\":\"https:\\\/\\\/medical-solidarity.org\\\/de\\\/?s={search_term_string}\"},\"query-input\":{\"@type\":\"PropertyValueSpecification\",\"valueRequired\":true,\"valueName\":\"search_term_string\"}}],\"inLanguage\":\"de\"},{\"@type\":\"Organization\",\"@id\":\"https:\\\/\\\/medical-solidarity.org\\\/de\\\/#organization\",\"name\":\"Medical Solidarity International\",\"url\":\"https:\\\/\\\/medical-solidarity.org\\\/de\\\/\",\"logo\":{\"@type\":\"ImageObject\",\"inLanguage\":\"de\",\"@id\":\"https:\\\/\\\/medical-solidarity.org\\\/de\\\/#\\\/schema\\\/logo\\\/image\\\/\",\"url\":\"https:\\\/\\\/medical-solidarity.org\\\/wp-content\\\/uploads\\\/2025\\\/10\\\/Logo-rot-schwarz.png\",\"contentUrl\":\"https:\\\/\\\/medical-solidarity.org\\\/wp-content\\\/uploads\\\/2025\\\/10\\\/Logo-rot-schwarz.png\",\"width\":1421,\"height\":1500,\"caption\":\"Medical Solidarity International\"},\"image\":{\"@id\":\"https:\\\/\\\/medical-solidarity.org\\\/de\\\/#\\\/schema\\\/logo\\\/image\\\/\"},\"sameAs\":[\"https:\\\/\\\/www.facebook.com\\\/medicalvolunteersinternational\\\/\",\"https:\\\/\\\/x.com\\\/MVI_Greece\",\"https:\\\/\\\/www.instagram.com\\\/mvi_greece\\\/\"]},{\"@type\":\"Person\",\"@id\":\"https:\\\/\\\/medical-solidarity.org\\\/de\\\/#\\\/schema\\\/person\\\/ee50619f3170b11027ea82303c4f5c72\",\"name\":\"Sarah Schneider\",\"url\":\"https:\\\/\\\/medical-solidarity.org\\\/de\\\/author\\\/sarah-schneidermedical-volunteers-org\\\/\"}]}<\/script>\n<!-- \/ Yoast SEO plugin. -->","yoast_head_json":{"title":"Gemeinsam stark - Netzwerke f\u00fcr Integration &#8212; Medical Solidarity International","robots":{"index":"index","follow":"follow","max-snippet":"max-snippet:-1","max-image-preview":"max-image-preview:large","max-video-preview":"max-video-preview:-1"},"canonical":"https:\/\/medical-solidarity.org\/de\/gemeinsam-stark-netzwerke-fuer-integration\/","og_locale":"de_DE","og_type":"article","og_title":"Gemeinsam stark - Netzwerke f\u00fcr Integration &#8212; Medical Solidarity International","og_description":"Angesichts der vor allem mit Blick auf die Menschenrechte katastrophalen Situation in der Ukraine, sowie an den anderen europ\u00e4ischen Au\u00dfengrenzen die hier nicht zu vergessen sind, starten wir nun unser neues Projekt \u201eGemeinsam stark \u2013 Netzwerke f\u00fcr Integration\u201c Unser neues Projekt soll Grenzen \u00fcberwinden und ein bundesweites Netzwerk schaffen, es soll eine Anlaufstelle sein f\u00fcr [&hellip;]","og_url":"https:\/\/medical-solidarity.org\/de\/gemeinsam-stark-netzwerke-fuer-integration\/","og_site_name":"Medical Solidarity International","article_publisher":"https:\/\/www.facebook.com\/medicalvolunteersinternational\/","article_published_time":"2022-03-16T10:06:47+00:00","article_modified_time":"2022-03-16T10:11:12+00:00","og_image":[{"url":"https:\/\/medical-volunteers.org\/wp-content\/uploads\/2022\/03\/Wanted-Grafik-Deutsch-300x186.jpg","type":"","width":"","height":""}],"author":"Sarah Schneider","twitter_card":"summary_large_image","twitter_creator":"@MVI_Greece","twitter_site":"@MVI_Greece","twitter_misc":{"Verfasst von":"Sarah Schneider","Gesch\u00e4tzte Lesezeit":"1\u00a0Minute"},"schema":{"@context":"https:\/\/schema.org","@graph":[{"@type":"Article","@id":"https:\/\/medical-solidarity.org\/de\/gemeinsam-stark-netzwerke-fuer-integration\/#article","isPartOf":{"@id":"https:\/\/medical-solidarity.org\/de\/gemeinsam-stark-netzwerke-fuer-integration\/"},"author":{"name":"Sarah Schneider","@id":"https:\/\/medical-solidarity.org\/de\/#\/schema\/person\/ee50619f3170b11027ea82303c4f5c72"},"headline":"Gemeinsam stark &#8211; Netzwerke f\u00fcr Integration","datePublished":"2022-03-16T10:06:47+00:00","dateModified":"2022-03-16T10:11:12+00:00","mainEntityOfPage":{"@id":"https:\/\/medical-solidarity.org\/de\/gemeinsam-stark-netzwerke-fuer-integration\/"},"wordCount":139,"commentCount":0,"publisher":{"@id":"https:\/\/medical-solidarity.org\/de\/#organization"},"image":{"@id":"https:\/\/medical-solidarity.org\/de\/gemeinsam-stark-netzwerke-fuer-integration\/#primaryimage"},"thumbnailUrl":"https:\/\/medical-volunteers.org\/wp-content\/uploads\/2022\/03\/Wanted-Grafik-Deutsch-300x186.jpg","articleSection":["NEWS"],"inLanguage":"de","potentialAction":[{"@type":"CommentAction","name":"Comment","target":["https:\/\/medical-solidarity.org\/de\/gemeinsam-stark-netzwerke-fuer-integration\/#respond"]}]},{"@type":"WebPage","@id":"https:\/\/medical-solidarity.org\/de\/gemeinsam-stark-netzwerke-fuer-integration\/","url":"https:\/\/medical-solidarity.org\/de\/gemeinsam-stark-netzwerke-fuer-integration\/","name":"Gemeinsam stark - Netzwerke f\u00fcr Integration &#8212; Medical Solidarity International","isPartOf":{"@id":"https:\/\/medical-solidarity.org\/de\/#website"},"primaryImageOfPage":{"@id":"https:\/\/medical-solidarity.org\/de\/gemeinsam-stark-netzwerke-fuer-integration\/#primaryimage"},"image":{"@id":"https:\/\/medical-solidarity.org\/de\/gemeinsam-stark-netzwerke-fuer-integration\/#primaryimage"},"thumbnailUrl":"https:\/\/medical-volunteers.org\/wp-content\/uploads\/2022\/03\/Wanted-Grafik-Deutsch-300x186.jpg","datePublished":"2022-03-16T10:06:47+00:00","dateModified":"2022-03-16T10:11:12+00:00","breadcrumb":{"@id":"https:\/\/medical-solidarity.org\/de\/gemeinsam-stark-netzwerke-fuer-integration\/#breadcrumb"},"inLanguage":"de","potentialAction":[{"@type":"ReadAction","target":["https:\/\/medical-solidarity.org\/de\/gemeinsam-stark-netzwerke-fuer-integration\/"]}]},{"@type":"ImageObject","inLanguage":"de","@id":"https:\/\/medical-solidarity.org\/de\/gemeinsam-stark-netzwerke-fuer-integration\/#primaryimage","url":"https:\/\/medical-volunteers.org\/wp-content\/uploads\/2022\/03\/Wanted-Grafik-Deutsch-300x186.jpg","contentUrl":"https:\/\/medical-volunteers.org\/wp-content\/uploads\/2022\/03\/Wanted-Grafik-Deutsch-300x186.jpg"},{"@type":"BreadcrumbList","@id":"https:\/\/medical-solidarity.org\/de\/gemeinsam-stark-netzwerke-fuer-integration\/#breadcrumb","itemListElement":[{"@type":"ListItem","position":1,"name":"Home","item":"https:\/\/medical-solidarity.org\/de\/medical-volunteers-2\/"},{"@type":"ListItem","position":2,"name":"Gemeinsam stark &#8211; Netzwerke f\u00fcr Integration"}]},{"@type":"WebSite","@id":"https:\/\/medical-solidarity.org\/de\/#website","url":"https:\/\/medical-solidarity.org\/de\/","name":"Medical Solidarity International","description":"","publisher":{"@id":"https:\/\/medical-solidarity.org\/de\/#organization"},"potentialAction":[{"@type":"SearchAction","target":{"@type":"EntryPoint","urlTemplate":"https:\/\/medical-solidarity.org\/de\/?s={search_term_string}"},"query-input":{"@type":"PropertyValueSpecification","valueRequired":true,"valueName":"search_term_string"}}],"inLanguage":"de"},{"@type":"Organization","@id":"https:\/\/medical-solidarity.org\/de\/#organization","name":"Medical Solidarity International","url":"https:\/\/medical-solidarity.org\/de\/","logo":{"@type":"ImageObject","inLanguage":"de","@id":"https:\/\/medical-solidarity.org\/de\/#\/schema\/logo\/image\/","url":"https:\/\/medical-solidarity.org\/wp-content\/uploads\/2025\/10\/Logo-rot-schwarz.png","contentUrl":"https:\/\/medical-solidarity.org\/wp-content\/uploads\/2025\/10\/Logo-rot-schwarz.png","width":1421,"height":1500,"caption":"Medical Solidarity International"},"image":{"@id":"https:\/\/medical-solidarity.org\/de\/#\/schema\/logo\/image\/"},"sameAs":["https:\/\/www.facebook.com\/medicalvolunteersinternational\/","https:\/\/x.com\/MVI_Greece","https:\/\/www.instagram.com\/mvi_greece\/"]},{"@type":"Person","@id":"https:\/\/medical-solidarity.org\/de\/#\/schema\/person\/ee50619f3170b11027ea82303c4f5c72","name":"Sarah Schneider","url":"https:\/\/medical-solidarity.org\/de\/author\/sarah-schneidermedical-volunteers-org\/"}]}},"_links":{"self":[{"href":"https:\/\/medical-solidarity.org\/de\/wp-json\/wp\/v2\/posts\/10731","targetHints":{"allow":["GET"]}}],"collection":[{"href":"https:\/\/medical-solidarity.org\/de\/wp-json\/wp\/v2\/posts"}],"about":[{"href":"https:\/\/medical-solidarity.org\/de\/wp-json\/wp\/v2\/types\/post"}],"author":[{"embeddable":true,"href":"https:\/\/medical-solidarity.org\/de\/wp-json\/wp\/v2\/users\/34"}],"replies":[{"embeddable":true,"href":"https:\/\/medical-solidarity.org\/de\/wp-json\/wp\/v2\/comments?post=10731"}],"version-history":[{"count":5,"href":"https:\/\/medical-solidarity.org\/de\/wp-json\/wp\/v2\/posts\/10731\/revisions"}],"predecessor-version":[{"id":10739,"href":"https:\/\/medical-solidarity.org\/de\/wp-json\/wp\/v2\/posts\/10731\/revisions\/10739"}],"wp:attachment":[{"href":"https:\/\/medical-solidarity.org\/de\/wp-json\/wp\/v2\/media?parent=10731"}],"wp:term":[{"taxonomy":"category","embeddable":true,"href":"https:\/\/medical-solidarity.org\/de\/wp-json\/wp\/v2\/categories?post=10731"},{"taxonomy":"post_tag","embeddable":true,"href":"https:\/\/medical-solidarity.org\/de\/wp-json\/wp\/v2\/tags?post=10731"}],"curies":[{"name":"wp","href":"https:\/\/api.w.org\/{rel}","templated":true}]}}