{"id":11026,"date":"2022-05-06T10:08:32","date_gmt":"2022-05-06T08:08:32","guid":{"rendered":"https:\/\/medical-volunteers.org\/?p=11026"},"modified":"2022-05-06T10:08:32","modified_gmt":"2022-05-06T08:08:32","slug":"hilfsbus-goes-humanitarian-transport","status":"publish","type":"post","link":"https:\/\/medical-solidarity.org\/de\/hilfsbus-goes-humanitarian-transport\/","title":{"rendered":"HilfsBUS goes Humanitarian Transport"},"content":{"rendered":"<p>Nachdem wir das Projekt HilfsBUS im M\u00e4rz, kurz nach der russischen Invasion, starteten war das Ziel m\u00f6glichst schnell vielen Menschen den Weg aus der Ukraine nach Europa zu erleichtern. Nachem wir die ersten erfolgreichen Fahrten verzeichne haben wurde aber Bedarf an anderer Stelle sichtbar. So haben Menschen mit besonderem Schutzbedarf, BiPOC, Sinti und Roma und andere mit einem erschwerten Grenz\u00fcbertritt zu k\u00e4mpfen. Ebenfalls m\u00fcssen viele Hilfsg\u00fcter in die Ukraine transportiert werden. An dieser Stelle haben wir uns f\u00fcr das Kooperationsprojekt<a href=\"https:\/\/medical-volunteers.org\/humanitarian-transport\/\"> &#8222;<strong>Humanitarian Transport<\/strong>&#8222;<\/a> entschieden, in dessen Rahmen wir nun Menschen evakuieren, die Hilfe ben\u00f6tigen beim \u00dcbertritt in die EU sowie Hilfsg\u00fcter in die Ukraine transportieren.<\/p>\n<p>Mehr zum Projekt erfahrt ihr hier: <a href=\"https:\/\/medical-volunteers.org\/humanitarian-transport\/\">https:\/\/medical-volunteers.org\/humanitarian-transport\/<\/a><\/p>\n<p>Bei Fragen einfach sende eine Mail an: HumanitarianTransport@medical-volunteers.org<\/p>\n<p>&nbsp;<\/p>\n","protected":false},"excerpt":{"rendered":"<p>Nachdem wir das Projekt HilfsBUS im M\u00e4rz, kurz nach der russischen Invasion, starteten war das Ziel m\u00f6glichst schnell vielen Menschen den Weg aus der Ukraine nach Europa zu erleichtern. Nachem wir die ersten erfolgreichen Fahrten verzeichne haben wurde aber Bedarf an anderer Stelle sichtbar. So haben Menschen mit besonderem Schutzbedarf, BiPOC, Sinti und Roma und [&hellip;]<\/p>\n","protected":false},"author":34,"featured_media":0,"comment_status":"open","ping_status":"open","sticky":false,"template":"","format":"standard","meta":{"footnotes":""},"categories":[6],"tags":[],"class_list":["post-11026","post","type-post","status-publish","format-standard","hentry","category-news-2"],"yoast_head":"<!-- This site is optimized with the Yoast SEO plugin v27.4 - https:\/\/yoast.com\/product\/yoast-seo-wordpress\/ -->\n<title>HilfsBUS goes Humanitarian Transport &#8212; Medical Solidarity International<\/title>\n<meta name=\"robots\" content=\"index, follow, max-snippet:-1, max-image-preview:large, max-video-preview:-1\" \/>\n<link rel=\"canonical\" href=\"https:\/\/medical-solidarity.org\/de\/hilfsbus-goes-humanitarian-transport\/\" \/>\n<meta property=\"og:locale\" content=\"de_DE\" \/>\n<meta property=\"og:type\" content=\"article\" \/>\n<meta property=\"og:title\" content=\"HilfsBUS goes Humanitarian Transport &#8212; Medical Solidarity International\" \/>\n<meta property=\"og:description\" content=\"Nachdem wir das Projekt HilfsBUS im M\u00e4rz, kurz nach der russischen Invasion, starteten war das Ziel m\u00f6glichst schnell vielen Menschen den Weg aus der Ukraine nach Europa zu erleichtern. Nachem wir die ersten erfolgreichen Fahrten verzeichne haben wurde aber Bedarf an anderer Stelle sichtbar. So haben Menschen mit besonderem Schutzbedarf, BiPOC, Sinti und Roma und [&hellip;]\" \/>\n<meta property=\"og:url\" content=\"https:\/\/medical-solidarity.org\/de\/hilfsbus-goes-humanitarian-transport\/\" \/>\n<meta property=\"og:site_name\" content=\"Medical Solidarity International\" \/>\n<meta property=\"article:publisher\" content=\"https:\/\/www.facebook.com\/medicalvolunteersinternational\/\" \/>\n<meta property=\"article:published_time\" content=\"2022-05-06T08:08:32+00:00\" \/>\n<meta name=\"author\" content=\"Sarah Schneider\" \/>\n<meta name=\"twitter:card\" content=\"summary_large_image\" \/>\n<meta name=\"twitter:creator\" content=\"@MVI_Greece\" \/>\n<meta name=\"twitter:site\" content=\"@MVI_Greece\" \/>\n<meta name=\"twitter:label1\" content=\"Verfasst von\" \/>\n\t<meta name=\"twitter:data1\" content=\"Sarah Schneider\" \/>\n\t<meta name=\"twitter:label2\" content=\"Gesch\u00e4tzte Lesezeit\" \/>\n\t<meta name=\"twitter:data2\" content=\"1\u00a0Minute\" \/>\n<script type=\"application\/ld+json\" class=\"yoast-schema-graph\">{\"@context\":\"https:\\\/\\\/schema.org\",\"@graph\":[{\"@type\":\"Article\",\"@id\":\"https:\\\/\\\/medical-solidarity.org\\\/de\\\/hilfsbus-goes-humanitarian-transport\\\/#article\",\"isPartOf\":{\"@id\":\"https:\\\/\\\/medical-solidarity.org\\\/de\\\/hilfsbus-goes-humanitarian-transport\\\/\"},\"author\":{\"name\":\"Sarah Schneider\",\"@id\":\"https:\\\/\\\/medical-solidarity.org\\\/de\\\/#\\\/schema\\\/person\\\/ee50619f3170b11027ea82303c4f5c72\"},\"headline\":\"HilfsBUS goes Humanitarian Transport\",\"datePublished\":\"2022-05-06T08:08:32+00:00\",\"mainEntityOfPage\":{\"@id\":\"https:\\\/\\\/medical-solidarity.org\\\/de\\\/hilfsbus-goes-humanitarian-transport\\\/\"},\"wordCount\":138,\"commentCount\":0,\"publisher\":{\"@id\":\"https:\\\/\\\/medical-solidarity.org\\\/de\\\/#organization\"},\"articleSection\":[\"NEWS\"],\"inLanguage\":\"de\",\"potentialAction\":[{\"@type\":\"CommentAction\",\"name\":\"Comment\",\"target\":[\"https:\\\/\\\/medical-solidarity.org\\\/de\\\/hilfsbus-goes-humanitarian-transport\\\/#respond\"]}]},{\"@type\":\"WebPage\",\"@id\":\"https:\\\/\\\/medical-solidarity.org\\\/de\\\/hilfsbus-goes-humanitarian-transport\\\/\",\"url\":\"https:\\\/\\\/medical-solidarity.org\\\/de\\\/hilfsbus-goes-humanitarian-transport\\\/\",\"name\":\"HilfsBUS goes Humanitarian Transport &#8212; Medical Solidarity International\",\"isPartOf\":{\"@id\":\"https:\\\/\\\/medical-solidarity.org\\\/de\\\/#website\"},\"datePublished\":\"2022-05-06T08:08:32+00:00\",\"breadcrumb\":{\"@id\":\"https:\\\/\\\/medical-solidarity.org\\\/de\\\/hilfsbus-goes-humanitarian-transport\\\/#breadcrumb\"},\"inLanguage\":\"de\",\"potentialAction\":[{\"@type\":\"ReadAction\",\"target\":[\"https:\\\/\\\/medical-solidarity.org\\\/de\\\/hilfsbus-goes-humanitarian-transport\\\/\"]}]},{\"@type\":\"BreadcrumbList\",\"@id\":\"https:\\\/\\\/medical-solidarity.org\\\/de\\\/hilfsbus-goes-humanitarian-transport\\\/#breadcrumb\",\"itemListElement\":[{\"@type\":\"ListItem\",\"position\":1,\"name\":\"Home\",\"item\":\"https:\\\/\\\/medical-solidarity.org\\\/de\\\/medical-volunteers-2\\\/\"},{\"@type\":\"ListItem\",\"position\":2,\"name\":\"HilfsBUS goes Humanitarian Transport\"}]},{\"@type\":\"WebSite\",\"@id\":\"https:\\\/\\\/medical-solidarity.org\\\/de\\\/#website\",\"url\":\"https:\\\/\\\/medical-solidarity.org\\\/de\\\/\",\"name\":\"Medical Solidarity International\",\"description\":\"\",\"publisher\":{\"@id\":\"https:\\\/\\\/medical-solidarity.org\\\/de\\\/#organization\"},\"potentialAction\":[{\"@type\":\"SearchAction\",\"target\":{\"@type\":\"EntryPoint\",\"urlTemplate\":\"https:\\\/\\\/medical-solidarity.org\\\/de\\\/?s={search_term_string}\"},\"query-input\":{\"@type\":\"PropertyValueSpecification\",\"valueRequired\":true,\"valueName\":\"search_term_string\"}}],\"inLanguage\":\"de\"},{\"@type\":\"Organization\",\"@id\":\"https:\\\/\\\/medical-solidarity.org\\\/de\\\/#organization\",\"name\":\"Medical Solidarity International\",\"url\":\"https:\\\/\\\/medical-solidarity.org\\\/de\\\/\",\"logo\":{\"@type\":\"ImageObject\",\"inLanguage\":\"de\",\"@id\":\"https:\\\/\\\/medical-solidarity.org\\\/de\\\/#\\\/schema\\\/logo\\\/image\\\/\",\"url\":\"https:\\\/\\\/medical-solidarity.org\\\/wp-content\\\/uploads\\\/2025\\\/10\\\/Logo-rot-schwarz.png\",\"contentUrl\":\"https:\\\/\\\/medical-solidarity.org\\\/wp-content\\\/uploads\\\/2025\\\/10\\\/Logo-rot-schwarz.png\",\"width\":1421,\"height\":1500,\"caption\":\"Medical Solidarity International\"},\"image\":{\"@id\":\"https:\\\/\\\/medical-solidarity.org\\\/de\\\/#\\\/schema\\\/logo\\\/image\\\/\"},\"sameAs\":[\"https:\\\/\\\/www.facebook.com\\\/medicalvolunteersinternational\\\/\",\"https:\\\/\\\/x.com\\\/MVI_Greece\",\"https:\\\/\\\/www.instagram.com\\\/mvi_greece\\\/\"]},{\"@type\":\"Person\",\"@id\":\"https:\\\/\\\/medical-solidarity.org\\\/de\\\/#\\\/schema\\\/person\\\/ee50619f3170b11027ea82303c4f5c72\",\"name\":\"Sarah Schneider\",\"url\":\"https:\\\/\\\/medical-solidarity.org\\\/de\\\/author\\\/sarah-schneidermedical-volunteers-org\\\/\"}]}<\/script>\n<!-- \/ Yoast SEO plugin. -->","yoast_head_json":{"title":"HilfsBUS goes Humanitarian Transport &#8212; Medical Solidarity International","robots":{"index":"index","follow":"follow","max-snippet":"max-snippet:-1","max-image-preview":"max-image-preview:large","max-video-preview":"max-video-preview:-1"},"canonical":"https:\/\/medical-solidarity.org\/de\/hilfsbus-goes-humanitarian-transport\/","og_locale":"de_DE","og_type":"article","og_title":"HilfsBUS goes Humanitarian Transport &#8212; Medical Solidarity International","og_description":"Nachdem wir das Projekt HilfsBUS im M\u00e4rz, kurz nach der russischen Invasion, starteten war das Ziel m\u00f6glichst schnell vielen Menschen den Weg aus der Ukraine nach Europa zu erleichtern. Nachem wir die ersten erfolgreichen Fahrten verzeichne haben wurde aber Bedarf an anderer Stelle sichtbar. So haben Menschen mit besonderem Schutzbedarf, BiPOC, Sinti und Roma und [&hellip;]","og_url":"https:\/\/medical-solidarity.org\/de\/hilfsbus-goes-humanitarian-transport\/","og_site_name":"Medical Solidarity International","article_publisher":"https:\/\/www.facebook.com\/medicalvolunteersinternational\/","article_published_time":"2022-05-06T08:08:32+00:00","author":"Sarah Schneider","twitter_card":"summary_large_image","twitter_creator":"@MVI_Greece","twitter_site":"@MVI_Greece","twitter_misc":{"Verfasst von":"Sarah Schneider","Gesch\u00e4tzte Lesezeit":"1\u00a0Minute"},"schema":{"@context":"https:\/\/schema.org","@graph":[{"@type":"Article","@id":"https:\/\/medical-solidarity.org\/de\/hilfsbus-goes-humanitarian-transport\/#article","isPartOf":{"@id":"https:\/\/medical-solidarity.org\/de\/hilfsbus-goes-humanitarian-transport\/"},"author":{"name":"Sarah Schneider","@id":"https:\/\/medical-solidarity.org\/de\/#\/schema\/person\/ee50619f3170b11027ea82303c4f5c72"},"headline":"HilfsBUS goes Humanitarian Transport","datePublished":"2022-05-06T08:08:32+00:00","mainEntityOfPage":{"@id":"https:\/\/medical-solidarity.org\/de\/hilfsbus-goes-humanitarian-transport\/"},"wordCount":138,"commentCount":0,"publisher":{"@id":"https:\/\/medical-solidarity.org\/de\/#organization"},"articleSection":["NEWS"],"inLanguage":"de","potentialAction":[{"@type":"CommentAction","name":"Comment","target":["https:\/\/medical-solidarity.org\/de\/hilfsbus-goes-humanitarian-transport\/#respond"]}]},{"@type":"WebPage","@id":"https:\/\/medical-solidarity.org\/de\/hilfsbus-goes-humanitarian-transport\/","url":"https:\/\/medical-solidarity.org\/de\/hilfsbus-goes-humanitarian-transport\/","name":"HilfsBUS goes Humanitarian Transport &#8212; Medical Solidarity International","isPartOf":{"@id":"https:\/\/medical-solidarity.org\/de\/#website"},"datePublished":"2022-05-06T08:08:32+00:00","breadcrumb":{"@id":"https:\/\/medical-solidarity.org\/de\/hilfsbus-goes-humanitarian-transport\/#breadcrumb"},"inLanguage":"de","potentialAction":[{"@type":"ReadAction","target":["https:\/\/medical-solidarity.org\/de\/hilfsbus-goes-humanitarian-transport\/"]}]},{"@type":"BreadcrumbList","@id":"https:\/\/medical-solidarity.org\/de\/hilfsbus-goes-humanitarian-transport\/#breadcrumb","itemListElement":[{"@type":"ListItem","position":1,"name":"Home","item":"https:\/\/medical-solidarity.org\/de\/medical-volunteers-2\/"},{"@type":"ListItem","position":2,"name":"HilfsBUS goes Humanitarian Transport"}]},{"@type":"WebSite","@id":"https:\/\/medical-solidarity.org\/de\/#website","url":"https:\/\/medical-solidarity.org\/de\/","name":"Medical Solidarity International","description":"","publisher":{"@id":"https:\/\/medical-solidarity.org\/de\/#organization"},"potentialAction":[{"@type":"SearchAction","target":{"@type":"EntryPoint","urlTemplate":"https:\/\/medical-solidarity.org\/de\/?s={search_term_string}"},"query-input":{"@type":"PropertyValueSpecification","valueRequired":true,"valueName":"search_term_string"}}],"inLanguage":"de"},{"@type":"Organization","@id":"https:\/\/medical-solidarity.org\/de\/#organization","name":"Medical Solidarity International","url":"https:\/\/medical-solidarity.org\/de\/","logo":{"@type":"ImageObject","inLanguage":"de","@id":"https:\/\/medical-solidarity.org\/de\/#\/schema\/logo\/image\/","url":"https:\/\/medical-solidarity.org\/wp-content\/uploads\/2025\/10\/Logo-rot-schwarz.png","contentUrl":"https:\/\/medical-solidarity.org\/wp-content\/uploads\/2025\/10\/Logo-rot-schwarz.png","width":1421,"height":1500,"caption":"Medical Solidarity International"},"image":{"@id":"https:\/\/medical-solidarity.org\/de\/#\/schema\/logo\/image\/"},"sameAs":["https:\/\/www.facebook.com\/medicalvolunteersinternational\/","https:\/\/x.com\/MVI_Greece","https:\/\/www.instagram.com\/mvi_greece\/"]},{"@type":"Person","@id":"https:\/\/medical-solidarity.org\/de\/#\/schema\/person\/ee50619f3170b11027ea82303c4f5c72","name":"Sarah Schneider","url":"https:\/\/medical-solidarity.org\/de\/author\/sarah-schneidermedical-volunteers-org\/"}]}},"_links":{"self":[{"href":"https:\/\/medical-solidarity.org\/de\/wp-json\/wp\/v2\/posts\/11026","targetHints":{"allow":["GET"]}}],"collection":[{"href":"https:\/\/medical-solidarity.org\/de\/wp-json\/wp\/v2\/posts"}],"about":[{"href":"https:\/\/medical-solidarity.org\/de\/wp-json\/wp\/v2\/types\/post"}],"author":[{"embeddable":true,"href":"https:\/\/medical-solidarity.org\/de\/wp-json\/wp\/v2\/users\/34"}],"replies":[{"embeddable":true,"href":"https:\/\/medical-solidarity.org\/de\/wp-json\/wp\/v2\/comments?post=11026"}],"version-history":[{"count":2,"href":"https:\/\/medical-solidarity.org\/de\/wp-json\/wp\/v2\/posts\/11026\/revisions"}],"predecessor-version":[{"id":11028,"href":"https:\/\/medical-solidarity.org\/de\/wp-json\/wp\/v2\/posts\/11026\/revisions\/11028"}],"wp:attachment":[{"href":"https:\/\/medical-solidarity.org\/de\/wp-json\/wp\/v2\/media?parent=11026"}],"wp:term":[{"taxonomy":"category","embeddable":true,"href":"https:\/\/medical-solidarity.org\/de\/wp-json\/wp\/v2\/categories?post=11026"},{"taxonomy":"post_tag","embeddable":true,"href":"https:\/\/medical-solidarity.org\/de\/wp-json\/wp\/v2\/tags?post=11026"}],"curies":[{"name":"wp","href":"https:\/\/api.w.org\/{rel}","templated":true}]}}