{"id":11652,"date":"2022-10-13T16:30:28","date_gmt":"2022-10-13T14:30:28","guid":{"rendered":"https:\/\/medical-volunteers.org\/?p=11652"},"modified":"2022-10-13T16:30:28","modified_gmt":"2022-10-13T14:30:28","slug":"wir-suchen-dich","status":"publish","type":"post","link":"https:\/\/medical-solidarity.org\/de\/wir-suchen-dich\/","title":{"rendered":"Wir suchen DICH!"},"content":{"rendered":"<p><img fetchpriority=\"high\" decoding=\"async\" class=\"size-medium wp-image-11128 aligncenter\" src=\"https:\/\/medical-volunteers.org\/wp-content\/uploads\/2022\/05\/MVI-Photo-300x200.jpg\" alt=\"\" width=\"300\" height=\"200\" srcset=\"https:\/\/medical-solidarity.org\/wp-content\/uploads\/2022\/05\/MVI-Photo-300x200.jpg 300w, https:\/\/medical-solidarity.org\/wp-content\/uploads\/2022\/05\/MVI-Photo-1030x688.jpg 1030w, https:\/\/medical-solidarity.org\/wp-content\/uploads\/2022\/05\/MVI-Photo-768x513.jpg 768w, https:\/\/medical-solidarity.org\/wp-content\/uploads\/2022\/05\/MVI-Photo-1536x1026.jpg 1536w, https:\/\/medical-solidarity.org\/wp-content\/uploads\/2022\/05\/MVI-Photo-1500x1002.jpg 1500w, https:\/\/medical-solidarity.org\/wp-content\/uploads\/2022\/05\/MVI-Photo-705x471.jpg 705w, https:\/\/medical-solidarity.org\/wp-content\/uploads\/2022\/05\/MVI-Photo.jpg 1800w\" sizes=\"(max-width: 300px) 100vw, 300px\" \/><\/p>\n<p style=\"text-align: center;\"><strong>Die Situation an Europas Grenzen und die Verletzung der Menschenrechte ist dir nicht egal und du m\u00f6chtest aktiv werden, um nicht tatenlos zuzusehen?<br \/>\nDu hast einen Job, der dein Auskommen finanziert, dir aber auch ein paar freie Stunden in der Woche \u00fcbrig l\u00e4sst, um dich ehrenamtlich, verbindlich und mit Energie zu engagieren?<\/strong><\/p>\n<p>Gut, denn wir suchen f\u00fcr MVI dringend Verst\u00e4rkung<br \/>\nDas ehrenamtliche Core-Team von Medical Volunteers International e.V. braucht mehr Power und die Vorstandsarbeit muss weiterentwickelt werden.<\/p>\n<p><strong>Konkret suchen wir:<\/strong><\/p>\n<p><strong>\u00dcberzeugte Strateg:innen und Organisationsentwickler<\/strong><\/p>\n<p><strong>Fundraising-erfahrene Storyteller und PR-Expert:innen<\/strong><\/p>\n<p><strong>Juristisch-begabte Menschen mit Interesse an Vereinsfragen<\/strong><\/p>\n<p><strong>Medizinisch qualifizierte Menschen, die beraten und vermitteln k\u00f6nnen<\/strong><\/p>\n<p><strong>IT- interessierte Menschen.<\/strong><\/p>\n<p>Du kannst sowohl verantwortlich werden f\u00fcr einen Bereich oder den Bereich unterst\u00fctzen.<\/p>\n<p>Eine Bereitschaft und die M\u00f6glichkeit, mindestens 5h \/Woche \u00fcber mindestens 1 Jahr f\u00fcr uns t\u00e4tig zu werden, sehen wir als Notwendigkeit an, um sich auf eine Zusammenarbeit im Team einzulassen und verlassen zu k\u00f6nnen.<\/p>\n<p>Falls du Interesse hast und mit dabei sein willst, dann meld dich bei uns!<\/p>\n<p>Mehr Infos und Kontakte findest du <a href=\"https:\/\/medical-volunteers.org\/WE-WANT-YOU_Ausschreibung_Ehrenamt_22.pdf\">hier<\/a>!<\/p>\n<p>Wir freuen uns auf deine Unterst\u00fctzung!<\/p>\n<p>&nbsp;<\/p>\n","protected":false},"excerpt":{"rendered":"<p>Die Situation an Europas Grenzen und die Verletzung der Menschenrechte ist dir nicht egal und du m\u00f6chtest aktiv werden, um nicht tatenlos zuzusehen? Du hast einen Job, der dein Auskommen finanziert, dir aber auch ein paar freie Stunden in der Woche \u00fcbrig l\u00e4sst, um dich ehrenamtlich, verbindlich und mit Energie zu engagieren? Gut, denn wir [&hellip;]<\/p>\n","protected":false},"author":34,"featured_media":0,"comment_status":"open","ping_status":"open","sticky":false,"template":"","format":"standard","meta":{"footnotes":""},"categories":[4],"tags":[],"class_list":["post-11652","post","type-post","status-publish","format-standard","hentry","category-news"],"yoast_head":"<!-- This site is optimized with the Yoast SEO plugin v27.4 - https:\/\/yoast.com\/product\/yoast-seo-wordpress\/ -->\n<title>Wir suchen DICH! &#8212; Medical Solidarity International<\/title>\n<meta name=\"robots\" content=\"index, follow, max-snippet:-1, max-image-preview:large, max-video-preview:-1\" \/>\n<link rel=\"canonical\" href=\"https:\/\/medical-solidarity.org\/de\/wir-suchen-dich\/\" \/>\n<meta property=\"og:locale\" content=\"de_DE\" \/>\n<meta property=\"og:type\" content=\"article\" \/>\n<meta property=\"og:title\" content=\"Wir suchen DICH! &#8212; Medical Solidarity International\" \/>\n<meta property=\"og:description\" content=\"Die Situation an Europas Grenzen und die Verletzung der Menschenrechte ist dir nicht egal und du m\u00f6chtest aktiv werden, um nicht tatenlos zuzusehen? Du hast einen Job, der dein Auskommen finanziert, dir aber auch ein paar freie Stunden in der Woche \u00fcbrig l\u00e4sst, um dich ehrenamtlich, verbindlich und mit Energie zu engagieren? Gut, denn wir [&hellip;]\" \/>\n<meta property=\"og:url\" content=\"https:\/\/medical-solidarity.org\/de\/wir-suchen-dich\/\" \/>\n<meta property=\"og:site_name\" content=\"Medical Solidarity International\" \/>\n<meta property=\"article:publisher\" content=\"https:\/\/www.facebook.com\/medicalvolunteersinternational\/\" \/>\n<meta property=\"article:published_time\" content=\"2022-10-13T14:30:28+00:00\" \/>\n<meta property=\"og:image\" content=\"https:\/\/medical-volunteers.org\/wp-content\/uploads\/2022\/05\/MVI-Photo-300x200.jpg\" \/>\n<meta name=\"author\" content=\"Sarah Schneider\" \/>\n<meta name=\"twitter:card\" content=\"summary_large_image\" \/>\n<meta name=\"twitter:creator\" content=\"@MVI_Greece\" \/>\n<meta name=\"twitter:site\" content=\"@MVI_Greece\" \/>\n<meta name=\"twitter:label1\" content=\"Verfasst von\" \/>\n\t<meta name=\"twitter:data1\" content=\"Sarah Schneider\" \/>\n\t<meta name=\"twitter:label2\" content=\"Gesch\u00e4tzte Lesezeit\" \/>\n\t<meta name=\"twitter:data2\" content=\"2\u00a0Minuten\" \/>\n<script type=\"application\/ld+json\" class=\"yoast-schema-graph\">{\"@context\":\"https:\\\/\\\/schema.org\",\"@graph\":[{\"@type\":\"Article\",\"@id\":\"https:\\\/\\\/medical-solidarity.org\\\/de\\\/wir-suchen-dich\\\/#article\",\"isPartOf\":{\"@id\":\"https:\\\/\\\/medical-solidarity.org\\\/de\\\/wir-suchen-dich\\\/\"},\"author\":{\"name\":\"Sarah Schneider\",\"@id\":\"https:\\\/\\\/medical-solidarity.org\\\/de\\\/#\\\/schema\\\/person\\\/ee50619f3170b11027ea82303c4f5c72\"},\"headline\":\"Wir suchen DICH!\",\"datePublished\":\"2022-10-13T14:30:28+00:00\",\"mainEntityOfPage\":{\"@id\":\"https:\\\/\\\/medical-solidarity.org\\\/de\\\/wir-suchen-dich\\\/\"},\"wordCount\":196,\"commentCount\":0,\"publisher\":{\"@id\":\"https:\\\/\\\/medical-solidarity.org\\\/de\\\/#organization\"},\"image\":{\"@id\":\"https:\\\/\\\/medical-solidarity.org\\\/de\\\/wir-suchen-dich\\\/#primaryimage\"},\"thumbnailUrl\":\"https:\\\/\\\/medical-volunteers.org\\\/wp-content\\\/uploads\\\/2022\\\/05\\\/MVI-Photo-300x200.jpg\",\"articleSection\":[\"NEWS\"],\"inLanguage\":\"de\",\"potentialAction\":[{\"@type\":\"CommentAction\",\"name\":\"Comment\",\"target\":[\"https:\\\/\\\/medical-solidarity.org\\\/de\\\/wir-suchen-dich\\\/#respond\"]}]},{\"@type\":\"WebPage\",\"@id\":\"https:\\\/\\\/medical-solidarity.org\\\/de\\\/wir-suchen-dich\\\/\",\"url\":\"https:\\\/\\\/medical-solidarity.org\\\/de\\\/wir-suchen-dich\\\/\",\"name\":\"Wir suchen DICH! &#8212; Medical Solidarity International\",\"isPartOf\":{\"@id\":\"https:\\\/\\\/medical-solidarity.org\\\/de\\\/#website\"},\"primaryImageOfPage\":{\"@id\":\"https:\\\/\\\/medical-solidarity.org\\\/de\\\/wir-suchen-dich\\\/#primaryimage\"},\"image\":{\"@id\":\"https:\\\/\\\/medical-solidarity.org\\\/de\\\/wir-suchen-dich\\\/#primaryimage\"},\"thumbnailUrl\":\"https:\\\/\\\/medical-volunteers.org\\\/wp-content\\\/uploads\\\/2022\\\/05\\\/MVI-Photo-300x200.jpg\",\"datePublished\":\"2022-10-13T14:30:28+00:00\",\"breadcrumb\":{\"@id\":\"https:\\\/\\\/medical-solidarity.org\\\/de\\\/wir-suchen-dich\\\/#breadcrumb\"},\"inLanguage\":\"de\",\"potentialAction\":[{\"@type\":\"ReadAction\",\"target\":[\"https:\\\/\\\/medical-solidarity.org\\\/de\\\/wir-suchen-dich\\\/\"]}]},{\"@type\":\"ImageObject\",\"inLanguage\":\"de\",\"@id\":\"https:\\\/\\\/medical-solidarity.org\\\/de\\\/wir-suchen-dich\\\/#primaryimage\",\"url\":\"https:\\\/\\\/medical-volunteers.org\\\/wp-content\\\/uploads\\\/2022\\\/05\\\/MVI-Photo-300x200.jpg\",\"contentUrl\":\"https:\\\/\\\/medical-volunteers.org\\\/wp-content\\\/uploads\\\/2022\\\/05\\\/MVI-Photo-300x200.jpg\"},{\"@type\":\"BreadcrumbList\",\"@id\":\"https:\\\/\\\/medical-solidarity.org\\\/de\\\/wir-suchen-dich\\\/#breadcrumb\",\"itemListElement\":[{\"@type\":\"ListItem\",\"position\":1,\"name\":\"Home\",\"item\":\"https:\\\/\\\/medical-solidarity.org\\\/de\\\/medical-volunteers-2\\\/\"},{\"@type\":\"ListItem\",\"position\":2,\"name\":\"Wir suchen DICH!\"}]},{\"@type\":\"WebSite\",\"@id\":\"https:\\\/\\\/medical-solidarity.org\\\/de\\\/#website\",\"url\":\"https:\\\/\\\/medical-solidarity.org\\\/de\\\/\",\"name\":\"Medical Solidarity International\",\"description\":\"\",\"publisher\":{\"@id\":\"https:\\\/\\\/medical-solidarity.org\\\/de\\\/#organization\"},\"potentialAction\":[{\"@type\":\"SearchAction\",\"target\":{\"@type\":\"EntryPoint\",\"urlTemplate\":\"https:\\\/\\\/medical-solidarity.org\\\/de\\\/?s={search_term_string}\"},\"query-input\":{\"@type\":\"PropertyValueSpecification\",\"valueRequired\":true,\"valueName\":\"search_term_string\"}}],\"inLanguage\":\"de\"},{\"@type\":\"Organization\",\"@id\":\"https:\\\/\\\/medical-solidarity.org\\\/de\\\/#organization\",\"name\":\"Medical Solidarity International\",\"url\":\"https:\\\/\\\/medical-solidarity.org\\\/de\\\/\",\"logo\":{\"@type\":\"ImageObject\",\"inLanguage\":\"de\",\"@id\":\"https:\\\/\\\/medical-solidarity.org\\\/de\\\/#\\\/schema\\\/logo\\\/image\\\/\",\"url\":\"https:\\\/\\\/medical-solidarity.org\\\/wp-content\\\/uploads\\\/2025\\\/10\\\/Logo-rot-schwarz.png\",\"contentUrl\":\"https:\\\/\\\/medical-solidarity.org\\\/wp-content\\\/uploads\\\/2025\\\/10\\\/Logo-rot-schwarz.png\",\"width\":1421,\"height\":1500,\"caption\":\"Medical Solidarity International\"},\"image\":{\"@id\":\"https:\\\/\\\/medical-solidarity.org\\\/de\\\/#\\\/schema\\\/logo\\\/image\\\/\"},\"sameAs\":[\"https:\\\/\\\/www.facebook.com\\\/medicalvolunteersinternational\\\/\",\"https:\\\/\\\/x.com\\\/MVI_Greece\",\"https:\\\/\\\/www.instagram.com\\\/mvi_greece\\\/\"]},{\"@type\":\"Person\",\"@id\":\"https:\\\/\\\/medical-solidarity.org\\\/de\\\/#\\\/schema\\\/person\\\/ee50619f3170b11027ea82303c4f5c72\",\"name\":\"Sarah Schneider\",\"url\":\"https:\\\/\\\/medical-solidarity.org\\\/de\\\/author\\\/sarah-schneidermedical-volunteers-org\\\/\"}]}<\/script>\n<!-- \/ Yoast SEO plugin. -->","yoast_head_json":{"title":"Wir suchen DICH! &#8212; Medical Solidarity International","robots":{"index":"index","follow":"follow","max-snippet":"max-snippet:-1","max-image-preview":"max-image-preview:large","max-video-preview":"max-video-preview:-1"},"canonical":"https:\/\/medical-solidarity.org\/de\/wir-suchen-dich\/","og_locale":"de_DE","og_type":"article","og_title":"Wir suchen DICH! &#8212; Medical Solidarity International","og_description":"Die Situation an Europas Grenzen und die Verletzung der Menschenrechte ist dir nicht egal und du m\u00f6chtest aktiv werden, um nicht tatenlos zuzusehen? Du hast einen Job, der dein Auskommen finanziert, dir aber auch ein paar freie Stunden in der Woche \u00fcbrig l\u00e4sst, um dich ehrenamtlich, verbindlich und mit Energie zu engagieren? Gut, denn wir [&hellip;]","og_url":"https:\/\/medical-solidarity.org\/de\/wir-suchen-dich\/","og_site_name":"Medical Solidarity International","article_publisher":"https:\/\/www.facebook.com\/medicalvolunteersinternational\/","article_published_time":"2022-10-13T14:30:28+00:00","og_image":[{"url":"https:\/\/medical-volunteers.org\/wp-content\/uploads\/2022\/05\/MVI-Photo-300x200.jpg","type":"","width":"","height":""}],"author":"Sarah Schneider","twitter_card":"summary_large_image","twitter_creator":"@MVI_Greece","twitter_site":"@MVI_Greece","twitter_misc":{"Verfasst von":"Sarah Schneider","Gesch\u00e4tzte Lesezeit":"2\u00a0Minuten"},"schema":{"@context":"https:\/\/schema.org","@graph":[{"@type":"Article","@id":"https:\/\/medical-solidarity.org\/de\/wir-suchen-dich\/#article","isPartOf":{"@id":"https:\/\/medical-solidarity.org\/de\/wir-suchen-dich\/"},"author":{"name":"Sarah Schneider","@id":"https:\/\/medical-solidarity.org\/de\/#\/schema\/person\/ee50619f3170b11027ea82303c4f5c72"},"headline":"Wir suchen DICH!","datePublished":"2022-10-13T14:30:28+00:00","mainEntityOfPage":{"@id":"https:\/\/medical-solidarity.org\/de\/wir-suchen-dich\/"},"wordCount":196,"commentCount":0,"publisher":{"@id":"https:\/\/medical-solidarity.org\/de\/#organization"},"image":{"@id":"https:\/\/medical-solidarity.org\/de\/wir-suchen-dich\/#primaryimage"},"thumbnailUrl":"https:\/\/medical-volunteers.org\/wp-content\/uploads\/2022\/05\/MVI-Photo-300x200.jpg","articleSection":["NEWS"],"inLanguage":"de","potentialAction":[{"@type":"CommentAction","name":"Comment","target":["https:\/\/medical-solidarity.org\/de\/wir-suchen-dich\/#respond"]}]},{"@type":"WebPage","@id":"https:\/\/medical-solidarity.org\/de\/wir-suchen-dich\/","url":"https:\/\/medical-solidarity.org\/de\/wir-suchen-dich\/","name":"Wir suchen DICH! &#8212; Medical Solidarity International","isPartOf":{"@id":"https:\/\/medical-solidarity.org\/de\/#website"},"primaryImageOfPage":{"@id":"https:\/\/medical-solidarity.org\/de\/wir-suchen-dich\/#primaryimage"},"image":{"@id":"https:\/\/medical-solidarity.org\/de\/wir-suchen-dich\/#primaryimage"},"thumbnailUrl":"https:\/\/medical-volunteers.org\/wp-content\/uploads\/2022\/05\/MVI-Photo-300x200.jpg","datePublished":"2022-10-13T14:30:28+00:00","breadcrumb":{"@id":"https:\/\/medical-solidarity.org\/de\/wir-suchen-dich\/#breadcrumb"},"inLanguage":"de","potentialAction":[{"@type":"ReadAction","target":["https:\/\/medical-solidarity.org\/de\/wir-suchen-dich\/"]}]},{"@type":"ImageObject","inLanguage":"de","@id":"https:\/\/medical-solidarity.org\/de\/wir-suchen-dich\/#primaryimage","url":"https:\/\/medical-volunteers.org\/wp-content\/uploads\/2022\/05\/MVI-Photo-300x200.jpg","contentUrl":"https:\/\/medical-volunteers.org\/wp-content\/uploads\/2022\/05\/MVI-Photo-300x200.jpg"},{"@type":"BreadcrumbList","@id":"https:\/\/medical-solidarity.org\/de\/wir-suchen-dich\/#breadcrumb","itemListElement":[{"@type":"ListItem","position":1,"name":"Home","item":"https:\/\/medical-solidarity.org\/de\/medical-volunteers-2\/"},{"@type":"ListItem","position":2,"name":"Wir suchen DICH!"}]},{"@type":"WebSite","@id":"https:\/\/medical-solidarity.org\/de\/#website","url":"https:\/\/medical-solidarity.org\/de\/","name":"Medical Solidarity International","description":"","publisher":{"@id":"https:\/\/medical-solidarity.org\/de\/#organization"},"potentialAction":[{"@type":"SearchAction","target":{"@type":"EntryPoint","urlTemplate":"https:\/\/medical-solidarity.org\/de\/?s={search_term_string}"},"query-input":{"@type":"PropertyValueSpecification","valueRequired":true,"valueName":"search_term_string"}}],"inLanguage":"de"},{"@type":"Organization","@id":"https:\/\/medical-solidarity.org\/de\/#organization","name":"Medical Solidarity International","url":"https:\/\/medical-solidarity.org\/de\/","logo":{"@type":"ImageObject","inLanguage":"de","@id":"https:\/\/medical-solidarity.org\/de\/#\/schema\/logo\/image\/","url":"https:\/\/medical-solidarity.org\/wp-content\/uploads\/2025\/10\/Logo-rot-schwarz.png","contentUrl":"https:\/\/medical-solidarity.org\/wp-content\/uploads\/2025\/10\/Logo-rot-schwarz.png","width":1421,"height":1500,"caption":"Medical Solidarity International"},"image":{"@id":"https:\/\/medical-solidarity.org\/de\/#\/schema\/logo\/image\/"},"sameAs":["https:\/\/www.facebook.com\/medicalvolunteersinternational\/","https:\/\/x.com\/MVI_Greece","https:\/\/www.instagram.com\/mvi_greece\/"]},{"@type":"Person","@id":"https:\/\/medical-solidarity.org\/de\/#\/schema\/person\/ee50619f3170b11027ea82303c4f5c72","name":"Sarah Schneider","url":"https:\/\/medical-solidarity.org\/de\/author\/sarah-schneidermedical-volunteers-org\/"}]}},"_links":{"self":[{"href":"https:\/\/medical-solidarity.org\/de\/wp-json\/wp\/v2\/posts\/11652","targetHints":{"allow":["GET"]}}],"collection":[{"href":"https:\/\/medical-solidarity.org\/de\/wp-json\/wp\/v2\/posts"}],"about":[{"href":"https:\/\/medical-solidarity.org\/de\/wp-json\/wp\/v2\/types\/post"}],"author":[{"embeddable":true,"href":"https:\/\/medical-solidarity.org\/de\/wp-json\/wp\/v2\/users\/34"}],"replies":[{"embeddable":true,"href":"https:\/\/medical-solidarity.org\/de\/wp-json\/wp\/v2\/comments?post=11652"}],"version-history":[{"count":7,"href":"https:\/\/medical-solidarity.org\/de\/wp-json\/wp\/v2\/posts\/11652\/revisions"}],"predecessor-version":[{"id":11661,"href":"https:\/\/medical-solidarity.org\/de\/wp-json\/wp\/v2\/posts\/11652\/revisions\/11661"}],"wp:attachment":[{"href":"https:\/\/medical-solidarity.org\/de\/wp-json\/wp\/v2\/media?parent=11652"}],"wp:term":[{"taxonomy":"category","embeddable":true,"href":"https:\/\/medical-solidarity.org\/de\/wp-json\/wp\/v2\/categories?post=11652"},{"taxonomy":"post_tag","embeddable":true,"href":"https:\/\/medical-solidarity.org\/de\/wp-json\/wp\/v2\/tags?post=11652"}],"curies":[{"name":"wp","href":"https:\/\/api.w.org\/{rel}","templated":true}]}}