{"id":12144,"date":"2022-11-30T13:03:12","date_gmt":"2022-11-30T12:03:12","guid":{"rendered":"https:\/\/medical-volunteers.org\/?p=12144"},"modified":"2022-11-30T13:03:12","modified_gmt":"2022-11-30T12:03:12","slug":"gesucht-medizinische-koordination-thessaloniki","status":"publish","type":"post","link":"https:\/\/medical-solidarity.org\/de\/gesucht-medizinische-koordination-thessaloniki\/","title":{"rendered":"GESUCHT: MEDIZINISCHE KOORDINATION THESSALONIKI"},"content":{"rendered":"<div><\/div>\n<div><img fetchpriority=\"high\" decoding=\"async\" class=\"size-medium wp-image-12129 aligncenter\" src=\"https:\/\/medical-volunteers.org\/wp-content\/uploads\/2022\/11\/WANTED-THESSALONIKI-300x202.jpg\" alt=\"\" width=\"300\" height=\"202\" srcset=\"https:\/\/medical-solidarity.org\/wp-content\/uploads\/2022\/11\/WANTED-THESSALONIKI-300x202.jpg 300w, https:\/\/medical-solidarity.org\/wp-content\/uploads\/2022\/11\/WANTED-THESSALONIKI.jpg 589w\" sizes=\"(max-width: 300px) 100vw, 300px\" \/><\/div>\n<div><\/div>\n<div style=\"text-align: center;\">GESUCHT AB SOFORT: Medizinische Koordination f\u00fcr Thessaloniki (f\/m\/d)<\/div>\n<div style=\"text-align: center;\">\n<p>Wir suchen eine:n medizinische:n Koordinator:in zur Verst\u00e4rkung unseres Teams in Thessaloniki. Bewerbungen von \u00c4rzt*innen, Krankenpfleger:innen und Rettungssanit\u00e4ter:innen sind willkommen. Idealerweise hast du bereits mindestens zwei Jahre Berufserfahrung in deinem Berufsfeld.<\/p>\n<p>Du hilfst dabei, die t\u00e4glichen Abl\u00e4ufe unserer medizinischen Hilfe zu organisieren, F\u00fchrung zu \u00fcbernehmen und MVI nach au\u00dfen zu vertreten. Du bist ein immens wichtiges Zahnrad, damit die Abl\u00e4ufe vor Ort funktionieren und unser Team an \u00c4rzt:innen, Krankenpfleger:innen, \u00dcbersetzer:innen, Physiotherapeut:innen sowie medizinischen Student:innen vor Ort wei\u00df, wo es gebraucht wird.<\/p>\n<p>Wir freuen uns, wenn ihr den Post teilt und die Infos an Freund:innen und Bekannte weitergebt. Alle Interessierten k\u00f6nnen sich per E-Mail an <a href=\"mailto:volunteer@medical-volunteers.org\" target=\"_blank\" rel=\"noopener\">volunteer@medical-volunteers.<wbr \/>org<\/a> bei uns bewerben.<\/p>\n<p>N\u00e4here Informationen findet ihr hier: <a href=\"https:\/\/medical-volunteers.org\/TextforWebsite_Thessaloniki-1.pdf\">MEDICAL COORDINATION THESSALONIKI<\/a><\/p>\n<\/div>\n<p style=\"text-align: center;\">\n<p style=\"text-align: center;\">\n<p>&nbsp;<\/p>\n","protected":false},"excerpt":{"rendered":"<p>GESUCHT AB SOFORT: Medizinische Koordination f\u00fcr Thessaloniki (f\/m\/d) Wir suchen eine:n medizinische:n Koordinator:in zur Verst\u00e4rkung unseres Teams in Thessaloniki. Bewerbungen von \u00c4rzt*innen, Krankenpfleger:innen und Rettungssanit\u00e4ter:innen sind willkommen. Idealerweise hast du bereits mindestens zwei Jahre Berufserfahrung in deinem Berufsfeld. Du hilfst dabei, die t\u00e4glichen Abl\u00e4ufe unserer medizinischen Hilfe zu organisieren, F\u00fchrung zu \u00fcbernehmen und MVI nach [&hellip;]<\/p>\n","protected":false},"author":34,"featured_media":0,"comment_status":"open","ping_status":"open","sticky":false,"template":"","format":"standard","meta":{"footnotes":""},"categories":[6],"tags":[],"class_list":["post-12144","post","type-post","status-publish","format-standard","hentry","category-news-2"],"yoast_head":"<!-- This site is optimized with the Yoast SEO plugin v27.4 - https:\/\/yoast.com\/product\/yoast-seo-wordpress\/ -->\n<title>GESUCHT: MEDIZINISCHE KOORDINATION THESSALONIKI &#8212; Medical Solidarity International<\/title>\n<meta name=\"robots\" content=\"index, follow, max-snippet:-1, max-image-preview:large, max-video-preview:-1\" \/>\n<link rel=\"canonical\" href=\"https:\/\/medical-solidarity.org\/de\/gesucht-medizinische-koordination-thessaloniki\/\" \/>\n<meta property=\"og:locale\" content=\"de_DE\" \/>\n<meta property=\"og:type\" content=\"article\" \/>\n<meta property=\"og:title\" content=\"GESUCHT: MEDIZINISCHE KOORDINATION THESSALONIKI &#8212; Medical Solidarity International\" \/>\n<meta property=\"og:description\" content=\"GESUCHT AB SOFORT: Medizinische Koordination f\u00fcr Thessaloniki (f\/m\/d) Wir suchen eine:n medizinische:n Koordinator:in zur Verst\u00e4rkung unseres Teams in Thessaloniki. Bewerbungen von \u00c4rzt*innen, Krankenpfleger:innen und Rettungssanit\u00e4ter:innen sind willkommen. Idealerweise hast du bereits mindestens zwei Jahre Berufserfahrung in deinem Berufsfeld. Du hilfst dabei, die t\u00e4glichen Abl\u00e4ufe unserer medizinischen Hilfe zu organisieren, F\u00fchrung zu \u00fcbernehmen und MVI nach [&hellip;]\" \/>\n<meta property=\"og:url\" content=\"https:\/\/medical-solidarity.org\/de\/gesucht-medizinische-koordination-thessaloniki\/\" \/>\n<meta property=\"og:site_name\" content=\"Medical Solidarity International\" \/>\n<meta property=\"article:publisher\" content=\"https:\/\/www.facebook.com\/medicalvolunteersinternational\/\" \/>\n<meta property=\"article:published_time\" content=\"2022-11-30T12:03:12+00:00\" \/>\n<meta property=\"og:image\" content=\"https:\/\/medical-volunteers.org\/wp-content\/uploads\/2022\/11\/WANTED-THESSALONIKI-300x202.jpg\" \/>\n<meta name=\"author\" content=\"Sarah Schneider\" \/>\n<meta name=\"twitter:card\" content=\"summary_large_image\" \/>\n<meta name=\"twitter:creator\" content=\"@MVI_Greece\" \/>\n<meta name=\"twitter:site\" content=\"@MVI_Greece\" \/>\n<meta name=\"twitter:label1\" content=\"Verfasst von\" \/>\n\t<meta name=\"twitter:data1\" content=\"Sarah Schneider\" \/>\n\t<meta name=\"twitter:label2\" content=\"Gesch\u00e4tzte Lesezeit\" \/>\n\t<meta name=\"twitter:data2\" content=\"1\u00a0Minute\" \/>\n<script type=\"application\/ld+json\" class=\"yoast-schema-graph\">{\"@context\":\"https:\\\/\\\/schema.org\",\"@graph\":[{\"@type\":\"Article\",\"@id\":\"https:\\\/\\\/medical-solidarity.org\\\/de\\\/gesucht-medizinische-koordination-thessaloniki\\\/#article\",\"isPartOf\":{\"@id\":\"https:\\\/\\\/medical-solidarity.org\\\/de\\\/gesucht-medizinische-koordination-thessaloniki\\\/\"},\"author\":{\"name\":\"Sarah Schneider\",\"@id\":\"https:\\\/\\\/medical-solidarity.org\\\/de\\\/#\\\/schema\\\/person\\\/ee50619f3170b11027ea82303c4f5c72\"},\"headline\":\"GESUCHT: MEDIZINISCHE KOORDINATION THESSALONIKI\",\"datePublished\":\"2022-11-30T12:03:12+00:00\",\"mainEntityOfPage\":{\"@id\":\"https:\\\/\\\/medical-solidarity.org\\\/de\\\/gesucht-medizinische-koordination-thessaloniki\\\/\"},\"wordCount\":154,\"commentCount\":0,\"publisher\":{\"@id\":\"https:\\\/\\\/medical-solidarity.org\\\/de\\\/#organization\"},\"image\":{\"@id\":\"https:\\\/\\\/medical-solidarity.org\\\/de\\\/gesucht-medizinische-koordination-thessaloniki\\\/#primaryimage\"},\"thumbnailUrl\":\"https:\\\/\\\/medical-volunteers.org\\\/wp-content\\\/uploads\\\/2022\\\/11\\\/WANTED-THESSALONIKI-300x202.jpg\",\"articleSection\":[\"NEWS\"],\"inLanguage\":\"de\",\"potentialAction\":[{\"@type\":\"CommentAction\",\"name\":\"Comment\",\"target\":[\"https:\\\/\\\/medical-solidarity.org\\\/de\\\/gesucht-medizinische-koordination-thessaloniki\\\/#respond\"]}]},{\"@type\":\"WebPage\",\"@id\":\"https:\\\/\\\/medical-solidarity.org\\\/de\\\/gesucht-medizinische-koordination-thessaloniki\\\/\",\"url\":\"https:\\\/\\\/medical-solidarity.org\\\/de\\\/gesucht-medizinische-koordination-thessaloniki\\\/\",\"name\":\"GESUCHT: MEDIZINISCHE KOORDINATION THESSALONIKI &#8212; Medical Solidarity International\",\"isPartOf\":{\"@id\":\"https:\\\/\\\/medical-solidarity.org\\\/de\\\/#website\"},\"primaryImageOfPage\":{\"@id\":\"https:\\\/\\\/medical-solidarity.org\\\/de\\\/gesucht-medizinische-koordination-thessaloniki\\\/#primaryimage\"},\"image\":{\"@id\":\"https:\\\/\\\/medical-solidarity.org\\\/de\\\/gesucht-medizinische-koordination-thessaloniki\\\/#primaryimage\"},\"thumbnailUrl\":\"https:\\\/\\\/medical-volunteers.org\\\/wp-content\\\/uploads\\\/2022\\\/11\\\/WANTED-THESSALONIKI-300x202.jpg\",\"datePublished\":\"2022-11-30T12:03:12+00:00\",\"breadcrumb\":{\"@id\":\"https:\\\/\\\/medical-solidarity.org\\\/de\\\/gesucht-medizinische-koordination-thessaloniki\\\/#breadcrumb\"},\"inLanguage\":\"de\",\"potentialAction\":[{\"@type\":\"ReadAction\",\"target\":[\"https:\\\/\\\/medical-solidarity.org\\\/de\\\/gesucht-medizinische-koordination-thessaloniki\\\/\"]}]},{\"@type\":\"ImageObject\",\"inLanguage\":\"de\",\"@id\":\"https:\\\/\\\/medical-solidarity.org\\\/de\\\/gesucht-medizinische-koordination-thessaloniki\\\/#primaryimage\",\"url\":\"https:\\\/\\\/medical-volunteers.org\\\/wp-content\\\/uploads\\\/2022\\\/11\\\/WANTED-THESSALONIKI-300x202.jpg\",\"contentUrl\":\"https:\\\/\\\/medical-volunteers.org\\\/wp-content\\\/uploads\\\/2022\\\/11\\\/WANTED-THESSALONIKI-300x202.jpg\"},{\"@type\":\"BreadcrumbList\",\"@id\":\"https:\\\/\\\/medical-solidarity.org\\\/de\\\/gesucht-medizinische-koordination-thessaloniki\\\/#breadcrumb\",\"itemListElement\":[{\"@type\":\"ListItem\",\"position\":1,\"name\":\"Home\",\"item\":\"https:\\\/\\\/medical-solidarity.org\\\/de\\\/medical-volunteers-2\\\/\"},{\"@type\":\"ListItem\",\"position\":2,\"name\":\"GESUCHT: MEDIZINISCHE KOORDINATION THESSALONIKI\"}]},{\"@type\":\"WebSite\",\"@id\":\"https:\\\/\\\/medical-solidarity.org\\\/de\\\/#website\",\"url\":\"https:\\\/\\\/medical-solidarity.org\\\/de\\\/\",\"name\":\"Medical Solidarity International\",\"description\":\"\",\"publisher\":{\"@id\":\"https:\\\/\\\/medical-solidarity.org\\\/de\\\/#organization\"},\"potentialAction\":[{\"@type\":\"SearchAction\",\"target\":{\"@type\":\"EntryPoint\",\"urlTemplate\":\"https:\\\/\\\/medical-solidarity.org\\\/de\\\/?s={search_term_string}\"},\"query-input\":{\"@type\":\"PropertyValueSpecification\",\"valueRequired\":true,\"valueName\":\"search_term_string\"}}],\"inLanguage\":\"de\"},{\"@type\":\"Organization\",\"@id\":\"https:\\\/\\\/medical-solidarity.org\\\/de\\\/#organization\",\"name\":\"Medical Solidarity International\",\"url\":\"https:\\\/\\\/medical-solidarity.org\\\/de\\\/\",\"logo\":{\"@type\":\"ImageObject\",\"inLanguage\":\"de\",\"@id\":\"https:\\\/\\\/medical-solidarity.org\\\/de\\\/#\\\/schema\\\/logo\\\/image\\\/\",\"url\":\"https:\\\/\\\/medical-solidarity.org\\\/wp-content\\\/uploads\\\/2025\\\/10\\\/Logo-rot-schwarz.png\",\"contentUrl\":\"https:\\\/\\\/medical-solidarity.org\\\/wp-content\\\/uploads\\\/2025\\\/10\\\/Logo-rot-schwarz.png\",\"width\":1421,\"height\":1500,\"caption\":\"Medical Solidarity International\"},\"image\":{\"@id\":\"https:\\\/\\\/medical-solidarity.org\\\/de\\\/#\\\/schema\\\/logo\\\/image\\\/\"},\"sameAs\":[\"https:\\\/\\\/www.facebook.com\\\/medicalvolunteersinternational\\\/\",\"https:\\\/\\\/x.com\\\/MVI_Greece\",\"https:\\\/\\\/www.instagram.com\\\/mvi_greece\\\/\"]},{\"@type\":\"Person\",\"@id\":\"https:\\\/\\\/medical-solidarity.org\\\/de\\\/#\\\/schema\\\/person\\\/ee50619f3170b11027ea82303c4f5c72\",\"name\":\"Sarah Schneider\",\"url\":\"https:\\\/\\\/medical-solidarity.org\\\/de\\\/author\\\/sarah-schneidermedical-volunteers-org\\\/\"}]}<\/script>\n<!-- \/ Yoast SEO plugin. -->","yoast_head_json":{"title":"GESUCHT: MEDIZINISCHE KOORDINATION THESSALONIKI &#8212; Medical Solidarity International","robots":{"index":"index","follow":"follow","max-snippet":"max-snippet:-1","max-image-preview":"max-image-preview:large","max-video-preview":"max-video-preview:-1"},"canonical":"https:\/\/medical-solidarity.org\/de\/gesucht-medizinische-koordination-thessaloniki\/","og_locale":"de_DE","og_type":"article","og_title":"GESUCHT: MEDIZINISCHE KOORDINATION THESSALONIKI &#8212; Medical Solidarity International","og_description":"GESUCHT AB SOFORT: Medizinische Koordination f\u00fcr Thessaloniki (f\/m\/d) Wir suchen eine:n medizinische:n Koordinator:in zur Verst\u00e4rkung unseres Teams in Thessaloniki. Bewerbungen von \u00c4rzt*innen, Krankenpfleger:innen und Rettungssanit\u00e4ter:innen sind willkommen. Idealerweise hast du bereits mindestens zwei Jahre Berufserfahrung in deinem Berufsfeld. Du hilfst dabei, die t\u00e4glichen Abl\u00e4ufe unserer medizinischen Hilfe zu organisieren, F\u00fchrung zu \u00fcbernehmen und MVI nach [&hellip;]","og_url":"https:\/\/medical-solidarity.org\/de\/gesucht-medizinische-koordination-thessaloniki\/","og_site_name":"Medical Solidarity International","article_publisher":"https:\/\/www.facebook.com\/medicalvolunteersinternational\/","article_published_time":"2022-11-30T12:03:12+00:00","og_image":[{"url":"https:\/\/medical-volunteers.org\/wp-content\/uploads\/2022\/11\/WANTED-THESSALONIKI-300x202.jpg","type":"","width":"","height":""}],"author":"Sarah Schneider","twitter_card":"summary_large_image","twitter_creator":"@MVI_Greece","twitter_site":"@MVI_Greece","twitter_misc":{"Verfasst von":"Sarah Schneider","Gesch\u00e4tzte Lesezeit":"1\u00a0Minute"},"schema":{"@context":"https:\/\/schema.org","@graph":[{"@type":"Article","@id":"https:\/\/medical-solidarity.org\/de\/gesucht-medizinische-koordination-thessaloniki\/#article","isPartOf":{"@id":"https:\/\/medical-solidarity.org\/de\/gesucht-medizinische-koordination-thessaloniki\/"},"author":{"name":"Sarah Schneider","@id":"https:\/\/medical-solidarity.org\/de\/#\/schema\/person\/ee50619f3170b11027ea82303c4f5c72"},"headline":"GESUCHT: MEDIZINISCHE KOORDINATION THESSALONIKI","datePublished":"2022-11-30T12:03:12+00:00","mainEntityOfPage":{"@id":"https:\/\/medical-solidarity.org\/de\/gesucht-medizinische-koordination-thessaloniki\/"},"wordCount":154,"commentCount":0,"publisher":{"@id":"https:\/\/medical-solidarity.org\/de\/#organization"},"image":{"@id":"https:\/\/medical-solidarity.org\/de\/gesucht-medizinische-koordination-thessaloniki\/#primaryimage"},"thumbnailUrl":"https:\/\/medical-volunteers.org\/wp-content\/uploads\/2022\/11\/WANTED-THESSALONIKI-300x202.jpg","articleSection":["NEWS"],"inLanguage":"de","potentialAction":[{"@type":"CommentAction","name":"Comment","target":["https:\/\/medical-solidarity.org\/de\/gesucht-medizinische-koordination-thessaloniki\/#respond"]}]},{"@type":"WebPage","@id":"https:\/\/medical-solidarity.org\/de\/gesucht-medizinische-koordination-thessaloniki\/","url":"https:\/\/medical-solidarity.org\/de\/gesucht-medizinische-koordination-thessaloniki\/","name":"GESUCHT: MEDIZINISCHE KOORDINATION THESSALONIKI &#8212; Medical Solidarity International","isPartOf":{"@id":"https:\/\/medical-solidarity.org\/de\/#website"},"primaryImageOfPage":{"@id":"https:\/\/medical-solidarity.org\/de\/gesucht-medizinische-koordination-thessaloniki\/#primaryimage"},"image":{"@id":"https:\/\/medical-solidarity.org\/de\/gesucht-medizinische-koordination-thessaloniki\/#primaryimage"},"thumbnailUrl":"https:\/\/medical-volunteers.org\/wp-content\/uploads\/2022\/11\/WANTED-THESSALONIKI-300x202.jpg","datePublished":"2022-11-30T12:03:12+00:00","breadcrumb":{"@id":"https:\/\/medical-solidarity.org\/de\/gesucht-medizinische-koordination-thessaloniki\/#breadcrumb"},"inLanguage":"de","potentialAction":[{"@type":"ReadAction","target":["https:\/\/medical-solidarity.org\/de\/gesucht-medizinische-koordination-thessaloniki\/"]}]},{"@type":"ImageObject","inLanguage":"de","@id":"https:\/\/medical-solidarity.org\/de\/gesucht-medizinische-koordination-thessaloniki\/#primaryimage","url":"https:\/\/medical-volunteers.org\/wp-content\/uploads\/2022\/11\/WANTED-THESSALONIKI-300x202.jpg","contentUrl":"https:\/\/medical-volunteers.org\/wp-content\/uploads\/2022\/11\/WANTED-THESSALONIKI-300x202.jpg"},{"@type":"BreadcrumbList","@id":"https:\/\/medical-solidarity.org\/de\/gesucht-medizinische-koordination-thessaloniki\/#breadcrumb","itemListElement":[{"@type":"ListItem","position":1,"name":"Home","item":"https:\/\/medical-solidarity.org\/de\/medical-volunteers-2\/"},{"@type":"ListItem","position":2,"name":"GESUCHT: MEDIZINISCHE KOORDINATION THESSALONIKI"}]},{"@type":"WebSite","@id":"https:\/\/medical-solidarity.org\/de\/#website","url":"https:\/\/medical-solidarity.org\/de\/","name":"Medical Solidarity International","description":"","publisher":{"@id":"https:\/\/medical-solidarity.org\/de\/#organization"},"potentialAction":[{"@type":"SearchAction","target":{"@type":"EntryPoint","urlTemplate":"https:\/\/medical-solidarity.org\/de\/?s={search_term_string}"},"query-input":{"@type":"PropertyValueSpecification","valueRequired":true,"valueName":"search_term_string"}}],"inLanguage":"de"},{"@type":"Organization","@id":"https:\/\/medical-solidarity.org\/de\/#organization","name":"Medical Solidarity International","url":"https:\/\/medical-solidarity.org\/de\/","logo":{"@type":"ImageObject","inLanguage":"de","@id":"https:\/\/medical-solidarity.org\/de\/#\/schema\/logo\/image\/","url":"https:\/\/medical-solidarity.org\/wp-content\/uploads\/2025\/10\/Logo-rot-schwarz.png","contentUrl":"https:\/\/medical-solidarity.org\/wp-content\/uploads\/2025\/10\/Logo-rot-schwarz.png","width":1421,"height":1500,"caption":"Medical Solidarity International"},"image":{"@id":"https:\/\/medical-solidarity.org\/de\/#\/schema\/logo\/image\/"},"sameAs":["https:\/\/www.facebook.com\/medicalvolunteersinternational\/","https:\/\/x.com\/MVI_Greece","https:\/\/www.instagram.com\/mvi_greece\/"]},{"@type":"Person","@id":"https:\/\/medical-solidarity.org\/de\/#\/schema\/person\/ee50619f3170b11027ea82303c4f5c72","name":"Sarah Schneider","url":"https:\/\/medical-solidarity.org\/de\/author\/sarah-schneidermedical-volunteers-org\/"}]}},"_links":{"self":[{"href":"https:\/\/medical-solidarity.org\/de\/wp-json\/wp\/v2\/posts\/12144","targetHints":{"allow":["GET"]}}],"collection":[{"href":"https:\/\/medical-solidarity.org\/de\/wp-json\/wp\/v2\/posts"}],"about":[{"href":"https:\/\/medical-solidarity.org\/de\/wp-json\/wp\/v2\/types\/post"}],"author":[{"embeddable":true,"href":"https:\/\/medical-solidarity.org\/de\/wp-json\/wp\/v2\/users\/34"}],"replies":[{"embeddable":true,"href":"https:\/\/medical-solidarity.org\/de\/wp-json\/wp\/v2\/comments?post=12144"}],"version-history":[{"count":3,"href":"https:\/\/medical-solidarity.org\/de\/wp-json\/wp\/v2\/posts\/12144\/revisions"}],"predecessor-version":[{"id":12147,"href":"https:\/\/medical-solidarity.org\/de\/wp-json\/wp\/v2\/posts\/12144\/revisions\/12147"}],"wp:attachment":[{"href":"https:\/\/medical-solidarity.org\/de\/wp-json\/wp\/v2\/media?parent=12144"}],"wp:term":[{"taxonomy":"category","embeddable":true,"href":"https:\/\/medical-solidarity.org\/de\/wp-json\/wp\/v2\/categories?post=12144"},{"taxonomy":"post_tag","embeddable":true,"href":"https:\/\/medical-solidarity.org\/de\/wp-json\/wp\/v2\/tags?post=12144"}],"curies":[{"name":"wp","href":"https:\/\/api.w.org\/{rel}","templated":true}]}}