{"id":180850,"date":"2023-04-26T18:56:30","date_gmt":"2023-04-26T16:56:30","guid":{"rendered":"https:\/\/medical-volunteers.org\/3-northern-serbia-advocacy-report\/"},"modified":"2023-05-05T12:43:25","modified_gmt":"2023-05-05T10:43:25","slug":"3-northern-serbia-advocacy-report","status":"publish","type":"post","link":"https:\/\/medical-solidarity.org\/de\/3-northern-serbia-advocacy-report\/","title":{"rendered":"3. NORTHERN SERBIA ADVOCACY REPORT"},"content":{"rendered":"<p>In diesem Bericht werden die Beobachtungen und Trends der allgemeinen politischen Entwicklung in Europa, Gewalt an den Grenzen und Ma\u00dfnahmen des serbischen Staates im Februar und M\u00e4rz 2023 in Bezug auf die Menschen, die in Nordserbien unterwegs sind, erl\u00e4utert.<\/p>\n<p>Es ist die dritte Ver\u00f6ffentlichung in einer Reihe von zweimonatlichen Berichten von Basisorganisationen, die entlang der serbischen Grenzen zu Ungarn und Rum\u00e4nien arbeiten. In Nordserbien, einem Transitgebiet f\u00fcr viele Menschen auf der Flucht, sind innerstaatliche Gewalt und illegale Grenzpraktiken der Nachbarstaaten tagt\u00e4glich zu beobachten.<\/p>\n<p>Den vollst\u00e4ndigen Bericht k\u00f6nnen Sie <a href=\"https:\/\/medical-volunteers.org\/Advocacy-Report-February-March-Serbia-komprimiert.pdf\" target=\"_blank\" rel=\"noopener\">hier <\/a>lesen!<\/p>\n","protected":false},"excerpt":{"rendered":"<p>In diesem Bericht werden die Beobachtungen und Trends der allgemeinen politischen Entwicklung in Europa, Gewalt an den Grenzen und Ma\u00dfnahmen des serbischen Staates im Februar und M\u00e4rz 2023 in Bezug auf die Menschen, die in Nordserbien unterwegs sind, erl\u00e4utert. Es ist die dritte Ver\u00f6ffentlichung in einer Reihe von zweimonatlichen Berichten von Basisorganisationen, die entlang der [&hellip;]<\/p>\n","protected":false},"author":34,"featured_media":0,"comment_status":"open","ping_status":"open","sticky":false,"template":"","format":"standard","meta":{"footnotes":""},"categories":[57],"tags":[],"class_list":["post-180850","post","type-post","status-publish","format-standard","hentry","category-news-de"],"yoast_head":"<!-- This site is optimized with the Yoast SEO plugin v27.4 - https:\/\/yoast.com\/product\/yoast-seo-wordpress\/ -->\n<title>3. NORTHERN SERBIA ADVOCACY REPORT &#8212; Medical Solidarity International<\/title>\n<meta name=\"robots\" content=\"index, follow, max-snippet:-1, max-image-preview:large, max-video-preview:-1\" \/>\n<link rel=\"canonical\" href=\"https:\/\/medical-solidarity.org\/3-northern-serbia-advocacy-report\/\" \/>\n<meta property=\"og:locale\" content=\"de_DE\" \/>\n<meta property=\"og:type\" content=\"article\" \/>\n<meta property=\"og:title\" content=\"3. NORTHERN SERBIA ADVOCACY REPORT &#8212; Medical Solidarity International\" \/>\n<meta property=\"og:description\" content=\"In diesem Bericht werden die Beobachtungen und Trends der allgemeinen politischen Entwicklung in Europa, Gewalt an den Grenzen und Ma\u00dfnahmen des serbischen Staates im Februar und M\u00e4rz 2023 in Bezug auf die Menschen, die in Nordserbien unterwegs sind, erl\u00e4utert. Es ist die dritte Ver\u00f6ffentlichung in einer Reihe von zweimonatlichen Berichten von Basisorganisationen, die entlang der [&hellip;]\" \/>\n<meta property=\"og:url\" content=\"https:\/\/medical-solidarity.org\/3-northern-serbia-advocacy-report\/\" \/>\n<meta property=\"og:site_name\" content=\"Medical Solidarity International\" \/>\n<meta property=\"article:publisher\" content=\"https:\/\/www.facebook.com\/medicalvolunteersinternational\/\" \/>\n<meta property=\"article:published_time\" content=\"2023-04-26T16:56:30+00:00\" \/>\n<meta property=\"article:modified_time\" content=\"2023-05-05T10:43:25+00:00\" \/>\n<meta name=\"author\" content=\"Sarah Schneider\" \/>\n<meta name=\"twitter:card\" content=\"summary_large_image\" \/>\n<meta name=\"twitter:creator\" content=\"@MVI_Greece\" \/>\n<meta name=\"twitter:site\" content=\"@MVI_Greece\" \/>\n<meta name=\"twitter:label1\" content=\"Verfasst von\" \/>\n\t<meta name=\"twitter:data1\" content=\"Sarah Schneider\" \/>\n\t<meta name=\"twitter:label2\" content=\"Gesch\u00e4tzte Lesezeit\" \/>\n\t<meta name=\"twitter:data2\" content=\"1\u00a0Minute\" \/>\n<script type=\"application\/ld+json\" class=\"yoast-schema-graph\">{\"@context\":\"https:\\\/\\\/schema.org\",\"@graph\":[{\"@type\":\"Article\",\"@id\":\"https:\\\/\\\/medical-solidarity.org\\\/3-northern-serbia-advocacy-report\\\/#article\",\"isPartOf\":{\"@id\":\"https:\\\/\\\/medical-solidarity.org\\\/3-northern-serbia-advocacy-report\\\/\"},\"author\":{\"name\":\"Sarah Schneider\",\"@id\":\"https:\\\/\\\/medical-solidarity.org\\\/de\\\/#\\\/schema\\\/person\\\/ee50619f3170b11027ea82303c4f5c72\"},\"headline\":\"3. NORTHERN SERBIA ADVOCACY REPORT\",\"datePublished\":\"2023-04-26T16:56:30+00:00\",\"dateModified\":\"2023-05-05T10:43:25+00:00\",\"mainEntityOfPage\":{\"@id\":\"https:\\\/\\\/medical-solidarity.org\\\/3-northern-serbia-advocacy-report\\\/\"},\"wordCount\":102,\"commentCount\":0,\"publisher\":{\"@id\":\"https:\\\/\\\/medical-solidarity.org\\\/de\\\/#organization\"},\"articleSection\":[\"NEWS\"],\"inLanguage\":\"de\",\"potentialAction\":[{\"@type\":\"CommentAction\",\"name\":\"Comment\",\"target\":[\"https:\\\/\\\/medical-solidarity.org\\\/3-northern-serbia-advocacy-report\\\/#respond\"]}]},{\"@type\":\"WebPage\",\"@id\":\"https:\\\/\\\/medical-solidarity.org\\\/3-northern-serbia-advocacy-report\\\/\",\"url\":\"https:\\\/\\\/medical-solidarity.org\\\/3-northern-serbia-advocacy-report\\\/\",\"name\":\"3. NORTHERN SERBIA ADVOCACY REPORT &#8212; Medical Solidarity International\",\"isPartOf\":{\"@id\":\"https:\\\/\\\/medical-solidarity.org\\\/de\\\/#website\"},\"datePublished\":\"2023-04-26T16:56:30+00:00\",\"dateModified\":\"2023-05-05T10:43:25+00:00\",\"breadcrumb\":{\"@id\":\"https:\\\/\\\/medical-solidarity.org\\\/3-northern-serbia-advocacy-report\\\/#breadcrumb\"},\"inLanguage\":\"de\",\"potentialAction\":[{\"@type\":\"ReadAction\",\"target\":[\"https:\\\/\\\/medical-solidarity.org\\\/3-northern-serbia-advocacy-report\\\/\"]}]},{\"@type\":\"BreadcrumbList\",\"@id\":\"https:\\\/\\\/medical-solidarity.org\\\/3-northern-serbia-advocacy-report\\\/#breadcrumb\",\"itemListElement\":[{\"@type\":\"ListItem\",\"position\":1,\"name\":\"Home\",\"item\":\"https:\\\/\\\/medical-solidarity.org\\\/de\\\/medical-volunteers-2\\\/\"},{\"@type\":\"ListItem\",\"position\":2,\"name\":\"3. NORTHERN SERBIA ADVOCACY REPORT\"}]},{\"@type\":\"WebSite\",\"@id\":\"https:\\\/\\\/medical-solidarity.org\\\/de\\\/#website\",\"url\":\"https:\\\/\\\/medical-solidarity.org\\\/de\\\/\",\"name\":\"Medical Solidarity International\",\"description\":\"\",\"publisher\":{\"@id\":\"https:\\\/\\\/medical-solidarity.org\\\/de\\\/#organization\"},\"potentialAction\":[{\"@type\":\"SearchAction\",\"target\":{\"@type\":\"EntryPoint\",\"urlTemplate\":\"https:\\\/\\\/medical-solidarity.org\\\/de\\\/?s={search_term_string}\"},\"query-input\":{\"@type\":\"PropertyValueSpecification\",\"valueRequired\":true,\"valueName\":\"search_term_string\"}}],\"inLanguage\":\"de\"},{\"@type\":\"Organization\",\"@id\":\"https:\\\/\\\/medical-solidarity.org\\\/de\\\/#organization\",\"name\":\"Medical Solidarity International\",\"url\":\"https:\\\/\\\/medical-solidarity.org\\\/de\\\/\",\"logo\":{\"@type\":\"ImageObject\",\"inLanguage\":\"de\",\"@id\":\"https:\\\/\\\/medical-solidarity.org\\\/de\\\/#\\\/schema\\\/logo\\\/image\\\/\",\"url\":\"https:\\\/\\\/medical-solidarity.org\\\/wp-content\\\/uploads\\\/2025\\\/10\\\/Logo-rot-schwarz.png\",\"contentUrl\":\"https:\\\/\\\/medical-solidarity.org\\\/wp-content\\\/uploads\\\/2025\\\/10\\\/Logo-rot-schwarz.png\",\"width\":1421,\"height\":1500,\"caption\":\"Medical Solidarity International\"},\"image\":{\"@id\":\"https:\\\/\\\/medical-solidarity.org\\\/de\\\/#\\\/schema\\\/logo\\\/image\\\/\"},\"sameAs\":[\"https:\\\/\\\/www.facebook.com\\\/medicalvolunteersinternational\\\/\",\"https:\\\/\\\/x.com\\\/MVI_Greece\",\"https:\\\/\\\/www.instagram.com\\\/mvi_greece\\\/\"]},{\"@type\":\"Person\",\"@id\":\"https:\\\/\\\/medical-solidarity.org\\\/de\\\/#\\\/schema\\\/person\\\/ee50619f3170b11027ea82303c4f5c72\",\"name\":\"Sarah Schneider\",\"url\":\"https:\\\/\\\/medical-solidarity.org\\\/de\\\/author\\\/sarah-schneidermedical-volunteers-org\\\/\"}]}<\/script>\n<!-- \/ Yoast SEO plugin. -->","yoast_head_json":{"title":"3. NORTHERN SERBIA ADVOCACY REPORT &#8212; Medical Solidarity International","robots":{"index":"index","follow":"follow","max-snippet":"max-snippet:-1","max-image-preview":"max-image-preview:large","max-video-preview":"max-video-preview:-1"},"canonical":"https:\/\/medical-solidarity.org\/3-northern-serbia-advocacy-report\/","og_locale":"de_DE","og_type":"article","og_title":"3. NORTHERN SERBIA ADVOCACY REPORT &#8212; Medical Solidarity International","og_description":"In diesem Bericht werden die Beobachtungen und Trends der allgemeinen politischen Entwicklung in Europa, Gewalt an den Grenzen und Ma\u00dfnahmen des serbischen Staates im Februar und M\u00e4rz 2023 in Bezug auf die Menschen, die in Nordserbien unterwegs sind, erl\u00e4utert. Es ist die dritte Ver\u00f6ffentlichung in einer Reihe von zweimonatlichen Berichten von Basisorganisationen, die entlang der [&hellip;]","og_url":"https:\/\/medical-solidarity.org\/3-northern-serbia-advocacy-report\/","og_site_name":"Medical Solidarity International","article_publisher":"https:\/\/www.facebook.com\/medicalvolunteersinternational\/","article_published_time":"2023-04-26T16:56:30+00:00","article_modified_time":"2023-05-05T10:43:25+00:00","author":"Sarah Schneider","twitter_card":"summary_large_image","twitter_creator":"@MVI_Greece","twitter_site":"@MVI_Greece","twitter_misc":{"Verfasst von":"Sarah Schneider","Gesch\u00e4tzte Lesezeit":"1\u00a0Minute"},"schema":{"@context":"https:\/\/schema.org","@graph":[{"@type":"Article","@id":"https:\/\/medical-solidarity.org\/3-northern-serbia-advocacy-report\/#article","isPartOf":{"@id":"https:\/\/medical-solidarity.org\/3-northern-serbia-advocacy-report\/"},"author":{"name":"Sarah Schneider","@id":"https:\/\/medical-solidarity.org\/de\/#\/schema\/person\/ee50619f3170b11027ea82303c4f5c72"},"headline":"3. NORTHERN SERBIA ADVOCACY REPORT","datePublished":"2023-04-26T16:56:30+00:00","dateModified":"2023-05-05T10:43:25+00:00","mainEntityOfPage":{"@id":"https:\/\/medical-solidarity.org\/3-northern-serbia-advocacy-report\/"},"wordCount":102,"commentCount":0,"publisher":{"@id":"https:\/\/medical-solidarity.org\/de\/#organization"},"articleSection":["NEWS"],"inLanguage":"de","potentialAction":[{"@type":"CommentAction","name":"Comment","target":["https:\/\/medical-solidarity.org\/3-northern-serbia-advocacy-report\/#respond"]}]},{"@type":"WebPage","@id":"https:\/\/medical-solidarity.org\/3-northern-serbia-advocacy-report\/","url":"https:\/\/medical-solidarity.org\/3-northern-serbia-advocacy-report\/","name":"3. NORTHERN SERBIA ADVOCACY REPORT &#8212; Medical Solidarity International","isPartOf":{"@id":"https:\/\/medical-solidarity.org\/de\/#website"},"datePublished":"2023-04-26T16:56:30+00:00","dateModified":"2023-05-05T10:43:25+00:00","breadcrumb":{"@id":"https:\/\/medical-solidarity.org\/3-northern-serbia-advocacy-report\/#breadcrumb"},"inLanguage":"de","potentialAction":[{"@type":"ReadAction","target":["https:\/\/medical-solidarity.org\/3-northern-serbia-advocacy-report\/"]}]},{"@type":"BreadcrumbList","@id":"https:\/\/medical-solidarity.org\/3-northern-serbia-advocacy-report\/#breadcrumb","itemListElement":[{"@type":"ListItem","position":1,"name":"Home","item":"https:\/\/medical-solidarity.org\/de\/medical-volunteers-2\/"},{"@type":"ListItem","position":2,"name":"3. NORTHERN SERBIA ADVOCACY REPORT"}]},{"@type":"WebSite","@id":"https:\/\/medical-solidarity.org\/de\/#website","url":"https:\/\/medical-solidarity.org\/de\/","name":"Medical Solidarity International","description":"","publisher":{"@id":"https:\/\/medical-solidarity.org\/de\/#organization"},"potentialAction":[{"@type":"SearchAction","target":{"@type":"EntryPoint","urlTemplate":"https:\/\/medical-solidarity.org\/de\/?s={search_term_string}"},"query-input":{"@type":"PropertyValueSpecification","valueRequired":true,"valueName":"search_term_string"}}],"inLanguage":"de"},{"@type":"Organization","@id":"https:\/\/medical-solidarity.org\/de\/#organization","name":"Medical Solidarity International","url":"https:\/\/medical-solidarity.org\/de\/","logo":{"@type":"ImageObject","inLanguage":"de","@id":"https:\/\/medical-solidarity.org\/de\/#\/schema\/logo\/image\/","url":"https:\/\/medical-solidarity.org\/wp-content\/uploads\/2025\/10\/Logo-rot-schwarz.png","contentUrl":"https:\/\/medical-solidarity.org\/wp-content\/uploads\/2025\/10\/Logo-rot-schwarz.png","width":1421,"height":1500,"caption":"Medical Solidarity International"},"image":{"@id":"https:\/\/medical-solidarity.org\/de\/#\/schema\/logo\/image\/"},"sameAs":["https:\/\/www.facebook.com\/medicalvolunteersinternational\/","https:\/\/x.com\/MVI_Greece","https:\/\/www.instagram.com\/mvi_greece\/"]},{"@type":"Person","@id":"https:\/\/medical-solidarity.org\/de\/#\/schema\/person\/ee50619f3170b11027ea82303c4f5c72","name":"Sarah Schneider","url":"https:\/\/medical-solidarity.org\/de\/author\/sarah-schneidermedical-volunteers-org\/"}]}},"_links":{"self":[{"href":"https:\/\/medical-solidarity.org\/de\/wp-json\/wp\/v2\/posts\/180850","targetHints":{"allow":["GET"]}}],"collection":[{"href":"https:\/\/medical-solidarity.org\/de\/wp-json\/wp\/v2\/posts"}],"about":[{"href":"https:\/\/medical-solidarity.org\/de\/wp-json\/wp\/v2\/types\/post"}],"author":[{"embeddable":true,"href":"https:\/\/medical-solidarity.org\/de\/wp-json\/wp\/v2\/users\/34"}],"replies":[{"embeddable":true,"href":"https:\/\/medical-solidarity.org\/de\/wp-json\/wp\/v2\/comments?post=180850"}],"version-history":[{"count":3,"href":"https:\/\/medical-solidarity.org\/de\/wp-json\/wp\/v2\/posts\/180850\/revisions"}],"predecessor-version":[{"id":180864,"href":"https:\/\/medical-solidarity.org\/de\/wp-json\/wp\/v2\/posts\/180850\/revisions\/180864"}],"wp:attachment":[{"href":"https:\/\/medical-solidarity.org\/de\/wp-json\/wp\/v2\/media?parent=180850"}],"wp:term":[{"taxonomy":"category","embeddable":true,"href":"https:\/\/medical-solidarity.org\/de\/wp-json\/wp\/v2\/categories?post=180850"},{"taxonomy":"post_tag","embeddable":true,"href":"https:\/\/medical-solidarity.org\/de\/wp-json\/wp\/v2\/tags?post=180850"}],"curies":[{"name":"wp","href":"https:\/\/api.w.org\/{rel}","templated":true}]}}