{"id":180959,"date":"2023-05-05T12:45:49","date_gmt":"2023-05-05T10:45:49","guid":{"rendered":"https:\/\/medical-volunteers.org\/?p=180959"},"modified":"2023-05-05T12:52:59","modified_gmt":"2023-05-05T10:52:59","slug":"gesucht-social-media-unterstuetzung","status":"publish","type":"post","link":"https:\/\/medical-solidarity.org\/de\/gesucht-social-media-unterstuetzung\/","title":{"rendered":"Gesucht: Social Media Unterst\u00fctzung"},"content":{"rendered":"<p><strong>\u201eGesundheit ist ein Menschenrecht!\u201c<\/strong> Das steht f\u00fcr uns an erster Stelle, f\u00fcr dich auch? Wir suchen ab sofort Unterst\u00fctzung in unserem Social Media Team. Bei Interesse, melde dich gerne!<\/p>\n<p><img fetchpriority=\"high\" decoding=\"async\" class=\"alignnone size-full wp-image-180997\" src=\"https:\/\/medical-volunteers.org\/wp-content\/uploads\/2023\/05\/SocialMediaAusschreibung-1.jpg\" alt=\"\" width=\"1061\" height=\"1500\" \/><\/p>\n","protected":false},"excerpt":{"rendered":"<p>\u201eGesundheit ist ein Menschenrecht!\u201c Das steht f\u00fcr uns an erster Stelle, f\u00fcr dich auch? Wir suchen ab sofort Unterst\u00fctzung in unserem Social Media Team. Bei Interesse, melde dich gerne!<\/p>\n","protected":false},"author":73,"featured_media":0,"comment_status":"open","ping_status":"open","sticky":false,"template":"","format":"standard","meta":{"footnotes":""},"categories":[6],"tags":[],"class_list":["post-180959","post","type-post","status-publish","format-standard","hentry","category-news-2"],"yoast_head":"<!-- This site is optimized with the Yoast SEO plugin v27.4 - https:\/\/yoast.com\/product\/yoast-seo-wordpress\/ -->\n<title>Gesucht: Social Media Unterst\u00fctzung &#8212; Medical Solidarity International<\/title>\n<meta name=\"description\" content=\"\u201eGesundheit ist ein Menschenrecht!\u201c Das steht f\u00fcr uns an erster Stelle, f\u00fcr dich auch? Wir suchen ab sofort Unterst\u00fctzung in unserem Social Media Team. Bei Interesse, melde dich gerne!\" \/>\n<meta name=\"robots\" content=\"index, follow, max-snippet:-1, max-image-preview:large, max-video-preview:-1\" \/>\n<link rel=\"canonical\" href=\"https:\/\/medical-solidarity.org\/de\/gesucht-social-media-unterstuetzung\/\" \/>\n<meta property=\"og:locale\" content=\"de_DE\" \/>\n<meta property=\"og:type\" content=\"article\" \/>\n<meta property=\"og:title\" content=\"Gesucht: Social Media Unterst\u00fctzung &#8212; Medical Solidarity International\" \/>\n<meta property=\"og:description\" content=\"\u201eGesundheit ist ein Menschenrecht!\u201c Das steht f\u00fcr uns an erster Stelle, f\u00fcr dich auch? Wir suchen ab sofort Unterst\u00fctzung in unserem Social Media Team. Bei Interesse, melde dich gerne!\" \/>\n<meta property=\"og:url\" content=\"https:\/\/medical-solidarity.org\/de\/gesucht-social-media-unterstuetzung\/\" \/>\n<meta property=\"og:site_name\" content=\"Medical Solidarity International\" \/>\n<meta property=\"article:publisher\" content=\"https:\/\/www.facebook.com\/medicalvolunteersinternational\/\" \/>\n<meta property=\"article:published_time\" content=\"2023-05-05T10:45:49+00:00\" \/>\n<meta property=\"article:modified_time\" content=\"2023-05-05T10:52:59+00:00\" \/>\n<meta property=\"og:image\" content=\"https:\/\/medical-volunteers.org\/wp-content\/uploads\/2023\/05\/SocialMediaAusschreibung-1.jpg\" \/>\n<meta name=\"author\" content=\"Elisabeth Steuernagel\" \/>\n<meta name=\"twitter:card\" content=\"summary_large_image\" \/>\n<meta name=\"twitter:creator\" content=\"@MVI_Greece\" \/>\n<meta name=\"twitter:site\" content=\"@MVI_Greece\" \/>\n<meta name=\"twitter:label1\" content=\"Verfasst von\" \/>\n\t<meta name=\"twitter:data1\" content=\"Elisabeth Steuernagel\" \/>\n\t<meta name=\"twitter:label2\" content=\"Gesch\u00e4tzte Lesezeit\" \/>\n\t<meta name=\"twitter:data2\" content=\"1\u00a0Minute\" \/>\n<script type=\"application\/ld+json\" class=\"yoast-schema-graph\">{\"@context\":\"https:\\\/\\\/schema.org\",\"@graph\":[{\"@type\":\"Article\",\"@id\":\"https:\\\/\\\/medical-solidarity.org\\\/de\\\/gesucht-social-media-unterstuetzung\\\/#article\",\"isPartOf\":{\"@id\":\"https:\\\/\\\/medical-solidarity.org\\\/de\\\/gesucht-social-media-unterstuetzung\\\/\"},\"author\":{\"name\":\"Elisabeth Steuernagel\",\"@id\":\"https:\\\/\\\/medical-solidarity.org\\\/de\\\/#\\\/schema\\\/person\\\/7059d0f58030a32fdd49640850b62ba1\"},\"headline\":\"Gesucht: Social Media Unterst\u00fctzung\",\"datePublished\":\"2023-05-05T10:45:49+00:00\",\"dateModified\":\"2023-05-05T10:52:59+00:00\",\"mainEntityOfPage\":{\"@id\":\"https:\\\/\\\/medical-solidarity.org\\\/de\\\/gesucht-social-media-unterstuetzung\\\/\"},\"wordCount\":37,\"commentCount\":0,\"publisher\":{\"@id\":\"https:\\\/\\\/medical-solidarity.org\\\/de\\\/#organization\"},\"image\":{\"@id\":\"https:\\\/\\\/medical-solidarity.org\\\/de\\\/gesucht-social-media-unterstuetzung\\\/#primaryimage\"},\"thumbnailUrl\":\"https:\\\/\\\/medical-volunteers.org\\\/wp-content\\\/uploads\\\/2023\\\/05\\\/SocialMediaAusschreibung-1.jpg\",\"articleSection\":[\"NEWS\"],\"inLanguage\":\"de\",\"potentialAction\":[{\"@type\":\"CommentAction\",\"name\":\"Comment\",\"target\":[\"https:\\\/\\\/medical-solidarity.org\\\/de\\\/gesucht-social-media-unterstuetzung\\\/#respond\"]}]},{\"@type\":\"WebPage\",\"@id\":\"https:\\\/\\\/medical-solidarity.org\\\/de\\\/gesucht-social-media-unterstuetzung\\\/\",\"url\":\"https:\\\/\\\/medical-solidarity.org\\\/de\\\/gesucht-social-media-unterstuetzung\\\/\",\"name\":\"Gesucht: Social Media Unterst\u00fctzung &#8212; Medical Solidarity International\",\"isPartOf\":{\"@id\":\"https:\\\/\\\/medical-solidarity.org\\\/de\\\/#website\"},\"primaryImageOfPage\":{\"@id\":\"https:\\\/\\\/medical-solidarity.org\\\/de\\\/gesucht-social-media-unterstuetzung\\\/#primaryimage\"},\"image\":{\"@id\":\"https:\\\/\\\/medical-solidarity.org\\\/de\\\/gesucht-social-media-unterstuetzung\\\/#primaryimage\"},\"thumbnailUrl\":\"https:\\\/\\\/medical-volunteers.org\\\/wp-content\\\/uploads\\\/2023\\\/05\\\/SocialMediaAusschreibung-1.jpg\",\"datePublished\":\"2023-05-05T10:45:49+00:00\",\"dateModified\":\"2023-05-05T10:52:59+00:00\",\"description\":\"\u201eGesundheit ist ein Menschenrecht!\u201c Das steht f\u00fcr uns an erster Stelle, f\u00fcr dich auch? Wir suchen ab sofort Unterst\u00fctzung in unserem Social Media Team. Bei Interesse, melde dich gerne!\",\"breadcrumb\":{\"@id\":\"https:\\\/\\\/medical-solidarity.org\\\/de\\\/gesucht-social-media-unterstuetzung\\\/#breadcrumb\"},\"inLanguage\":\"de\",\"potentialAction\":[{\"@type\":\"ReadAction\",\"target\":[\"https:\\\/\\\/medical-solidarity.org\\\/de\\\/gesucht-social-media-unterstuetzung\\\/\"]}]},{\"@type\":\"ImageObject\",\"inLanguage\":\"de\",\"@id\":\"https:\\\/\\\/medical-solidarity.org\\\/de\\\/gesucht-social-media-unterstuetzung\\\/#primaryimage\",\"url\":\"https:\\\/\\\/medical-volunteers.org\\\/wp-content\\\/uploads\\\/2023\\\/05\\\/SocialMediaAusschreibung-1.jpg\",\"contentUrl\":\"https:\\\/\\\/medical-volunteers.org\\\/wp-content\\\/uploads\\\/2023\\\/05\\\/SocialMediaAusschreibung-1.jpg\"},{\"@type\":\"BreadcrumbList\",\"@id\":\"https:\\\/\\\/medical-solidarity.org\\\/de\\\/gesucht-social-media-unterstuetzung\\\/#breadcrumb\",\"itemListElement\":[{\"@type\":\"ListItem\",\"position\":1,\"name\":\"Home\",\"item\":\"https:\\\/\\\/medical-solidarity.org\\\/de\\\/medical-volunteers-2\\\/\"},{\"@type\":\"ListItem\",\"position\":2,\"name\":\"Gesucht: Social Media Unterst\u00fctzung\"}]},{\"@type\":\"WebSite\",\"@id\":\"https:\\\/\\\/medical-solidarity.org\\\/de\\\/#website\",\"url\":\"https:\\\/\\\/medical-solidarity.org\\\/de\\\/\",\"name\":\"Medical Solidarity International\",\"description\":\"\",\"publisher\":{\"@id\":\"https:\\\/\\\/medical-solidarity.org\\\/de\\\/#organization\"},\"potentialAction\":[{\"@type\":\"SearchAction\",\"target\":{\"@type\":\"EntryPoint\",\"urlTemplate\":\"https:\\\/\\\/medical-solidarity.org\\\/de\\\/?s={search_term_string}\"},\"query-input\":{\"@type\":\"PropertyValueSpecification\",\"valueRequired\":true,\"valueName\":\"search_term_string\"}}],\"inLanguage\":\"de\"},{\"@type\":\"Organization\",\"@id\":\"https:\\\/\\\/medical-solidarity.org\\\/de\\\/#organization\",\"name\":\"Medical Solidarity International\",\"url\":\"https:\\\/\\\/medical-solidarity.org\\\/de\\\/\",\"logo\":{\"@type\":\"ImageObject\",\"inLanguage\":\"de\",\"@id\":\"https:\\\/\\\/medical-solidarity.org\\\/de\\\/#\\\/schema\\\/logo\\\/image\\\/\",\"url\":\"https:\\\/\\\/medical-solidarity.org\\\/wp-content\\\/uploads\\\/2025\\\/10\\\/Logo-rot-schwarz.png\",\"contentUrl\":\"https:\\\/\\\/medical-solidarity.org\\\/wp-content\\\/uploads\\\/2025\\\/10\\\/Logo-rot-schwarz.png\",\"width\":1421,\"height\":1500,\"caption\":\"Medical Solidarity International\"},\"image\":{\"@id\":\"https:\\\/\\\/medical-solidarity.org\\\/de\\\/#\\\/schema\\\/logo\\\/image\\\/\"},\"sameAs\":[\"https:\\\/\\\/www.facebook.com\\\/medicalvolunteersinternational\\\/\",\"https:\\\/\\\/x.com\\\/MVI_Greece\",\"https:\\\/\\\/www.instagram.com\\\/mvi_greece\\\/\"]},{\"@type\":\"Person\",\"@id\":\"https:\\\/\\\/medical-solidarity.org\\\/de\\\/#\\\/schema\\\/person\\\/7059d0f58030a32fdd49640850b62ba1\",\"name\":\"Elisabeth Steuernagel\",\"url\":\"https:\\\/\\\/medical-solidarity.org\\\/de\\\/author\\\/elisabethmedical-volunteers-org\\\/\"}]}<\/script>\n<!-- \/ Yoast SEO plugin. -->","yoast_head_json":{"title":"Gesucht: Social Media Unterst\u00fctzung &#8212; Medical Solidarity International","description":"\u201eGesundheit ist ein Menschenrecht!\u201c Das steht f\u00fcr uns an erster Stelle, f\u00fcr dich auch? Wir suchen ab sofort Unterst\u00fctzung in unserem Social Media Team. Bei Interesse, melde dich gerne!","robots":{"index":"index","follow":"follow","max-snippet":"max-snippet:-1","max-image-preview":"max-image-preview:large","max-video-preview":"max-video-preview:-1"},"canonical":"https:\/\/medical-solidarity.org\/de\/gesucht-social-media-unterstuetzung\/","og_locale":"de_DE","og_type":"article","og_title":"Gesucht: Social Media Unterst\u00fctzung &#8212; Medical Solidarity International","og_description":"\u201eGesundheit ist ein Menschenrecht!\u201c Das steht f\u00fcr uns an erster Stelle, f\u00fcr dich auch? Wir suchen ab sofort Unterst\u00fctzung in unserem Social Media Team. Bei Interesse, melde dich gerne!","og_url":"https:\/\/medical-solidarity.org\/de\/gesucht-social-media-unterstuetzung\/","og_site_name":"Medical Solidarity International","article_publisher":"https:\/\/www.facebook.com\/medicalvolunteersinternational\/","article_published_time":"2023-05-05T10:45:49+00:00","article_modified_time":"2023-05-05T10:52:59+00:00","og_image":[{"url":"https:\/\/medical-volunteers.org\/wp-content\/uploads\/2023\/05\/SocialMediaAusschreibung-1.jpg","type":"","width":"","height":""}],"author":"Elisabeth Steuernagel","twitter_card":"summary_large_image","twitter_creator":"@MVI_Greece","twitter_site":"@MVI_Greece","twitter_misc":{"Verfasst von":"Elisabeth Steuernagel","Gesch\u00e4tzte Lesezeit":"1\u00a0Minute"},"schema":{"@context":"https:\/\/schema.org","@graph":[{"@type":"Article","@id":"https:\/\/medical-solidarity.org\/de\/gesucht-social-media-unterstuetzung\/#article","isPartOf":{"@id":"https:\/\/medical-solidarity.org\/de\/gesucht-social-media-unterstuetzung\/"},"author":{"name":"Elisabeth Steuernagel","@id":"https:\/\/medical-solidarity.org\/de\/#\/schema\/person\/7059d0f58030a32fdd49640850b62ba1"},"headline":"Gesucht: Social Media Unterst\u00fctzung","datePublished":"2023-05-05T10:45:49+00:00","dateModified":"2023-05-05T10:52:59+00:00","mainEntityOfPage":{"@id":"https:\/\/medical-solidarity.org\/de\/gesucht-social-media-unterstuetzung\/"},"wordCount":37,"commentCount":0,"publisher":{"@id":"https:\/\/medical-solidarity.org\/de\/#organization"},"image":{"@id":"https:\/\/medical-solidarity.org\/de\/gesucht-social-media-unterstuetzung\/#primaryimage"},"thumbnailUrl":"https:\/\/medical-volunteers.org\/wp-content\/uploads\/2023\/05\/SocialMediaAusschreibung-1.jpg","articleSection":["NEWS"],"inLanguage":"de","potentialAction":[{"@type":"CommentAction","name":"Comment","target":["https:\/\/medical-solidarity.org\/de\/gesucht-social-media-unterstuetzung\/#respond"]}]},{"@type":"WebPage","@id":"https:\/\/medical-solidarity.org\/de\/gesucht-social-media-unterstuetzung\/","url":"https:\/\/medical-solidarity.org\/de\/gesucht-social-media-unterstuetzung\/","name":"Gesucht: Social Media Unterst\u00fctzung &#8212; Medical Solidarity International","isPartOf":{"@id":"https:\/\/medical-solidarity.org\/de\/#website"},"primaryImageOfPage":{"@id":"https:\/\/medical-solidarity.org\/de\/gesucht-social-media-unterstuetzung\/#primaryimage"},"image":{"@id":"https:\/\/medical-solidarity.org\/de\/gesucht-social-media-unterstuetzung\/#primaryimage"},"thumbnailUrl":"https:\/\/medical-volunteers.org\/wp-content\/uploads\/2023\/05\/SocialMediaAusschreibung-1.jpg","datePublished":"2023-05-05T10:45:49+00:00","dateModified":"2023-05-05T10:52:59+00:00","description":"\u201eGesundheit ist ein Menschenrecht!\u201c Das steht f\u00fcr uns an erster Stelle, f\u00fcr dich auch? Wir suchen ab sofort Unterst\u00fctzung in unserem Social Media Team. Bei Interesse, melde dich gerne!","breadcrumb":{"@id":"https:\/\/medical-solidarity.org\/de\/gesucht-social-media-unterstuetzung\/#breadcrumb"},"inLanguage":"de","potentialAction":[{"@type":"ReadAction","target":["https:\/\/medical-solidarity.org\/de\/gesucht-social-media-unterstuetzung\/"]}]},{"@type":"ImageObject","inLanguage":"de","@id":"https:\/\/medical-solidarity.org\/de\/gesucht-social-media-unterstuetzung\/#primaryimage","url":"https:\/\/medical-volunteers.org\/wp-content\/uploads\/2023\/05\/SocialMediaAusschreibung-1.jpg","contentUrl":"https:\/\/medical-volunteers.org\/wp-content\/uploads\/2023\/05\/SocialMediaAusschreibung-1.jpg"},{"@type":"BreadcrumbList","@id":"https:\/\/medical-solidarity.org\/de\/gesucht-social-media-unterstuetzung\/#breadcrumb","itemListElement":[{"@type":"ListItem","position":1,"name":"Home","item":"https:\/\/medical-solidarity.org\/de\/medical-volunteers-2\/"},{"@type":"ListItem","position":2,"name":"Gesucht: Social Media Unterst\u00fctzung"}]},{"@type":"WebSite","@id":"https:\/\/medical-solidarity.org\/de\/#website","url":"https:\/\/medical-solidarity.org\/de\/","name":"Medical Solidarity International","description":"","publisher":{"@id":"https:\/\/medical-solidarity.org\/de\/#organization"},"potentialAction":[{"@type":"SearchAction","target":{"@type":"EntryPoint","urlTemplate":"https:\/\/medical-solidarity.org\/de\/?s={search_term_string}"},"query-input":{"@type":"PropertyValueSpecification","valueRequired":true,"valueName":"search_term_string"}}],"inLanguage":"de"},{"@type":"Organization","@id":"https:\/\/medical-solidarity.org\/de\/#organization","name":"Medical Solidarity International","url":"https:\/\/medical-solidarity.org\/de\/","logo":{"@type":"ImageObject","inLanguage":"de","@id":"https:\/\/medical-solidarity.org\/de\/#\/schema\/logo\/image\/","url":"https:\/\/medical-solidarity.org\/wp-content\/uploads\/2025\/10\/Logo-rot-schwarz.png","contentUrl":"https:\/\/medical-solidarity.org\/wp-content\/uploads\/2025\/10\/Logo-rot-schwarz.png","width":1421,"height":1500,"caption":"Medical Solidarity International"},"image":{"@id":"https:\/\/medical-solidarity.org\/de\/#\/schema\/logo\/image\/"},"sameAs":["https:\/\/www.facebook.com\/medicalvolunteersinternational\/","https:\/\/x.com\/MVI_Greece","https:\/\/www.instagram.com\/mvi_greece\/"]},{"@type":"Person","@id":"https:\/\/medical-solidarity.org\/de\/#\/schema\/person\/7059d0f58030a32fdd49640850b62ba1","name":"Elisabeth Steuernagel","url":"https:\/\/medical-solidarity.org\/de\/author\/elisabethmedical-volunteers-org\/"}]}},"_links":{"self":[{"href":"https:\/\/medical-solidarity.org\/de\/wp-json\/wp\/v2\/posts\/180959","targetHints":{"allow":["GET"]}}],"collection":[{"href":"https:\/\/medical-solidarity.org\/de\/wp-json\/wp\/v2\/posts"}],"about":[{"href":"https:\/\/medical-solidarity.org\/de\/wp-json\/wp\/v2\/types\/post"}],"author":[{"embeddable":true,"href":"https:\/\/medical-solidarity.org\/de\/wp-json\/wp\/v2\/users\/73"}],"replies":[{"embeddable":true,"href":"https:\/\/medical-solidarity.org\/de\/wp-json\/wp\/v2\/comments?post=180959"}],"version-history":[{"count":8,"href":"https:\/\/medical-solidarity.org\/de\/wp-json\/wp\/v2\/posts\/180959\/revisions"}],"predecessor-version":[{"id":180971,"href":"https:\/\/medical-solidarity.org\/de\/wp-json\/wp\/v2\/posts\/180959\/revisions\/180971"}],"wp:attachment":[{"href":"https:\/\/medical-solidarity.org\/de\/wp-json\/wp\/v2\/media?parent=180959"}],"wp:term":[{"taxonomy":"category","embeddable":true,"href":"https:\/\/medical-solidarity.org\/de\/wp-json\/wp\/v2\/categories?post=180959"},{"taxonomy":"post_tag","embeddable":true,"href":"https:\/\/medical-solidarity.org\/de\/wp-json\/wp\/v2\/tags?post=180959"}],"curies":[{"name":"wp","href":"https:\/\/api.w.org\/{rel}","templated":true}]}}