{"id":182177,"date":"2023-08-11T13:20:01","date_gmt":"2023-08-11T11:20:01","guid":{"rendered":"https:\/\/medical-volunteers.org\/?p=182177"},"modified":"2023-08-13T09:14:29","modified_gmt":"2023-08-13T07:14:29","slug":"werde-teil-unseres-legal_teams","status":"publish","type":"post","link":"https:\/\/medical-solidarity.org\/de\/werde-teil-unseres-legal_teams\/","title":{"rendered":"Werde Teil unseres Legal-Teams"},"content":{"rendered":"<p style=\"text-align: center;\"><span id=\"page3R_mcid0\" class=\"markedContent\"><\/span><span id=\"page3R_mcid1\" class=\"markedContent\"><\/span><span id=\"page3R_mcid2\" class=\"markedContent\"><\/span><span id=\"page3R_mcid3\" class=\"markedContent\"><\/span><span id=\"page3R_mcid4\" class=\"markedContent\"><\/span><span id=\"page3R_mcid5\" class=\"markedContent\"><span dir=\"ltr\" role=\"presentation\">\u201eGesundheit<\/span> <span dir=\"ltr\" role=\"presentation\">ist<\/span> <span dir=\"ltr\" role=\"presentation\">ein<\/span> <span dir=\"ltr\" role=\"presentation\">Menschenrecht!\u201c<\/span> <span dir=\"ltr\" role=\"presentation\">Diesem<\/span> <span dir=\"ltr\" role=\"presentation\">Leitspruch<\/span> <span dir=\"ltr\" role=\"presentation\">folgend,<\/span> <span dir=\"ltr\" role=\"presentation\">versorgt<\/span> <span dir=\"ltr\" role=\"presentation\">Medical <\/span><span dir=\"ltr\" role=\"presentation\">Volunteers International\/MVI <\/span><\/span><span id=\"page3R_mcid7\" class=\"markedContent\"><span dir=\"ltr\" role=\"presentation\">mit Hilfe von mehr als 300 <\/span><span dir=\"ltr\" role=\"presentation\">medizinisch<\/span> <span dir=\"ltr\" role=\"presentation\">qualifizierten<\/span> <span dir=\"ltr\" role=\"presentation\">Freiwilligen<\/span> <span dir=\"ltr\" role=\"presentation\">j\u00e4hrlich<\/span> <span dir=\"ltr\" role=\"presentation\">etwa<\/span> <span dir=\"ltr\" role=\"presentation\">48.000<\/span> <span dir=\"ltr\" role=\"presentation\">gefl\u00fcchtete<\/span> <span dir=\"ltr\" role=\"presentation\">Menschen<\/span> <span dir=\"ltr\" role=\"presentation\">in <\/span><span dir=\"ltr\" role=\"presentation\">Griechenland, Bosnien und Serbien oder wo immer es n\u00f6tig<\/span> <span dir=\"ltr\" role=\"presentation\">wird und Europas Grenzen <\/span><span dir=\"ltr\" role=\"presentation\">unpassierbar sind.<\/span><\/span><span id=\"page3R_mcid8\" class=\"markedContent\"><br \/>\n<br role=\"presentation\" \/><span dir=\"ltr\" role=\"presentation\">Um die unterschiedlichen juristische Fragen im Themenkomplex Flucht und Migration, <\/span><span dir=\"ltr\" role=\"presentation\">EU<\/span><span dir=\"ltr\" role=\"presentation\">&#8211;<\/span><span dir=\"ltr\" role=\"presentation\">Recht,<\/span> <span dir=\"ltr\" role=\"presentation\">Menschenrechte<\/span> <span dir=\"ltr\" role=\"presentation\">und<\/span> <span dir=\"ltr\" role=\"presentation\">Vereinsrecht<\/span> <span dir=\"ltr\" role=\"presentation\">beantworten<\/span> <span dir=\"ltr\" role=\"presentation\">zu<\/span> <span dir=\"ltr\" role=\"presentation\">k\u00f6nnen<\/span> <span dir=\"ltr\" role=\"presentation\">sucht<\/span> <span dir=\"ltr\" role=\"presentation\">der <\/span><span dir=\"ltr\" role=\"presentation\">Vorstand engagierte Menschen mit juristischem Hinter<\/span><span dir=\"ltr\" role=\"presentation\">grund, die im Legal Team f\u00fcr den <\/span><span dir=\"ltr\" role=\"presentation\">juristischen Themenkomplex ansprechbar sind.<\/span><\/span><\/p>\n<p style=\"text-align: center;\"><span id=\"page3R_mcid8\" class=\"markedContent\"><span dir=\"ltr\" role=\"presentation\"><a href=\"https:\/\/medical-volunteers.org\/legalsupport_wanted-2.pdf\">(Info)<\/a><br \/>\n<\/span><\/span><\/p>\n","protected":false},"excerpt":{"rendered":"<p>\u201eGesundheit ist ein Menschenrecht!\u201c Diesem Leitspruch folgend, versorgt Medical Volunteers International\/MVI mit Hilfe von mehr als 300 medizinisch qualifizierten Freiwilligen j\u00e4hrlich etwa 48.000 gefl\u00fcchtete Menschen in Griechenland, Bosnien und Serbien oder wo immer es n\u00f6tig wird und Europas Grenzen unpassierbar sind. Um die unterschiedlichen juristische Fragen im Themenkomplex Flucht und Migration, EU&#8211;Recht, Menschenrechte und Vereinsrecht [&hellip;]<\/p>\n","protected":false},"author":73,"featured_media":0,"comment_status":"open","ping_status":"open","sticky":false,"template":"","format":"standard","meta":{"footnotes":""},"categories":[57],"tags":[],"class_list":["post-182177","post","type-post","status-publish","format-standard","hentry","category-news-de"],"yoast_head":"<!-- This site is optimized with the Yoast SEO plugin v27.4 - https:\/\/yoast.com\/product\/yoast-seo-wordpress\/ -->\n<title>Werde Teil unseres Legal-Teams &#8212; Medical Solidarity International<\/title>\n<meta name=\"robots\" content=\"index, follow, max-snippet:-1, max-image-preview:large, max-video-preview:-1\" \/>\n<link rel=\"canonical\" href=\"https:\/\/medical-solidarity.org\/de\/werde-teil-unseres-legal_teams\/\" \/>\n<meta property=\"og:locale\" content=\"de_DE\" \/>\n<meta property=\"og:type\" content=\"article\" \/>\n<meta property=\"og:title\" content=\"Werde Teil unseres Legal-Teams &#8212; Medical Solidarity International\" \/>\n<meta property=\"og:description\" content=\"\u201eGesundheit ist ein Menschenrecht!\u201c Diesem Leitspruch folgend, versorgt Medical Volunteers International\/MVI mit Hilfe von mehr als 300 medizinisch qualifizierten Freiwilligen j\u00e4hrlich etwa 48.000 gefl\u00fcchtete Menschen in Griechenland, Bosnien und Serbien oder wo immer es n\u00f6tig wird und Europas Grenzen unpassierbar sind. Um die unterschiedlichen juristische Fragen im Themenkomplex Flucht und Migration, EU&#8211;Recht, Menschenrechte und Vereinsrecht [&hellip;]\" \/>\n<meta property=\"og:url\" content=\"https:\/\/medical-solidarity.org\/de\/werde-teil-unseres-legal_teams\/\" \/>\n<meta property=\"og:site_name\" content=\"Medical Solidarity International\" \/>\n<meta property=\"article:publisher\" content=\"https:\/\/www.facebook.com\/medicalvolunteersinternational\/\" \/>\n<meta property=\"article:published_time\" content=\"2023-08-11T11:20:01+00:00\" \/>\n<meta property=\"article:modified_time\" content=\"2023-08-13T07:14:29+00:00\" \/>\n<meta name=\"author\" content=\"Elisabeth Steuernagel\" \/>\n<meta name=\"twitter:card\" content=\"summary_large_image\" \/>\n<meta name=\"twitter:creator\" content=\"@MVI_Greece\" \/>\n<meta name=\"twitter:site\" content=\"@MVI_Greece\" \/>\n<meta name=\"twitter:label1\" content=\"Verfasst von\" \/>\n\t<meta name=\"twitter:data1\" content=\"Elisabeth Steuernagel\" \/>\n\t<meta name=\"twitter:label2\" content=\"Gesch\u00e4tzte Lesezeit\" \/>\n\t<meta name=\"twitter:data2\" content=\"1\u00a0Minute\" \/>\n<script type=\"application\/ld+json\" class=\"yoast-schema-graph\">{\"@context\":\"https:\\\/\\\/schema.org\",\"@graph\":[{\"@type\":\"Article\",\"@id\":\"https:\\\/\\\/medical-solidarity.org\\\/de\\\/werde-teil-unseres-legal_teams\\\/#article\",\"isPartOf\":{\"@id\":\"https:\\\/\\\/medical-solidarity.org\\\/de\\\/werde-teil-unseres-legal_teams\\\/\"},\"author\":{\"name\":\"Elisabeth Steuernagel\",\"@id\":\"https:\\\/\\\/medical-solidarity.org\\\/de\\\/#\\\/schema\\\/person\\\/7059d0f58030a32fdd49640850b62ba1\"},\"headline\":\"Werde Teil unseres Legal-Teams\",\"datePublished\":\"2023-08-11T11:20:01+00:00\",\"dateModified\":\"2023-08-13T07:14:29+00:00\",\"mainEntityOfPage\":{\"@id\":\"https:\\\/\\\/medical-solidarity.org\\\/de\\\/werde-teil-unseres-legal_teams\\\/\"},\"wordCount\":88,\"commentCount\":0,\"publisher\":{\"@id\":\"https:\\\/\\\/medical-solidarity.org\\\/de\\\/#organization\"},\"articleSection\":[\"NEWS\"],\"inLanguage\":\"de\",\"potentialAction\":[{\"@type\":\"CommentAction\",\"name\":\"Comment\",\"target\":[\"https:\\\/\\\/medical-solidarity.org\\\/de\\\/werde-teil-unseres-legal_teams\\\/#respond\"]}]},{\"@type\":\"WebPage\",\"@id\":\"https:\\\/\\\/medical-solidarity.org\\\/de\\\/werde-teil-unseres-legal_teams\\\/\",\"url\":\"https:\\\/\\\/medical-solidarity.org\\\/de\\\/werde-teil-unseres-legal_teams\\\/\",\"name\":\"Werde Teil unseres Legal-Teams &#8212; Medical Solidarity International\",\"isPartOf\":{\"@id\":\"https:\\\/\\\/medical-solidarity.org\\\/de\\\/#website\"},\"datePublished\":\"2023-08-11T11:20:01+00:00\",\"dateModified\":\"2023-08-13T07:14:29+00:00\",\"breadcrumb\":{\"@id\":\"https:\\\/\\\/medical-solidarity.org\\\/de\\\/werde-teil-unseres-legal_teams\\\/#breadcrumb\"},\"inLanguage\":\"de\",\"potentialAction\":[{\"@type\":\"ReadAction\",\"target\":[\"https:\\\/\\\/medical-solidarity.org\\\/de\\\/werde-teil-unseres-legal_teams\\\/\"]}]},{\"@type\":\"BreadcrumbList\",\"@id\":\"https:\\\/\\\/medical-solidarity.org\\\/de\\\/werde-teil-unseres-legal_teams\\\/#breadcrumb\",\"itemListElement\":[{\"@type\":\"ListItem\",\"position\":1,\"name\":\"Home\",\"item\":\"https:\\\/\\\/medical-solidarity.org\\\/de\\\/medical-volunteers-2\\\/\"},{\"@type\":\"ListItem\",\"position\":2,\"name\":\"Werde Teil unseres Legal-Teams\"}]},{\"@type\":\"WebSite\",\"@id\":\"https:\\\/\\\/medical-solidarity.org\\\/de\\\/#website\",\"url\":\"https:\\\/\\\/medical-solidarity.org\\\/de\\\/\",\"name\":\"Medical Solidarity International\",\"description\":\"\",\"publisher\":{\"@id\":\"https:\\\/\\\/medical-solidarity.org\\\/de\\\/#organization\"},\"potentialAction\":[{\"@type\":\"SearchAction\",\"target\":{\"@type\":\"EntryPoint\",\"urlTemplate\":\"https:\\\/\\\/medical-solidarity.org\\\/de\\\/?s={search_term_string}\"},\"query-input\":{\"@type\":\"PropertyValueSpecification\",\"valueRequired\":true,\"valueName\":\"search_term_string\"}}],\"inLanguage\":\"de\"},{\"@type\":\"Organization\",\"@id\":\"https:\\\/\\\/medical-solidarity.org\\\/de\\\/#organization\",\"name\":\"Medical Solidarity International\",\"url\":\"https:\\\/\\\/medical-solidarity.org\\\/de\\\/\",\"logo\":{\"@type\":\"ImageObject\",\"inLanguage\":\"de\",\"@id\":\"https:\\\/\\\/medical-solidarity.org\\\/de\\\/#\\\/schema\\\/logo\\\/image\\\/\",\"url\":\"https:\\\/\\\/medical-solidarity.org\\\/wp-content\\\/uploads\\\/2025\\\/10\\\/Logo-rot-schwarz.png\",\"contentUrl\":\"https:\\\/\\\/medical-solidarity.org\\\/wp-content\\\/uploads\\\/2025\\\/10\\\/Logo-rot-schwarz.png\",\"width\":1421,\"height\":1500,\"caption\":\"Medical Solidarity International\"},\"image\":{\"@id\":\"https:\\\/\\\/medical-solidarity.org\\\/de\\\/#\\\/schema\\\/logo\\\/image\\\/\"},\"sameAs\":[\"https:\\\/\\\/www.facebook.com\\\/medicalvolunteersinternational\\\/\",\"https:\\\/\\\/x.com\\\/MVI_Greece\",\"https:\\\/\\\/www.instagram.com\\\/mvi_greece\\\/\"]},{\"@type\":\"Person\",\"@id\":\"https:\\\/\\\/medical-solidarity.org\\\/de\\\/#\\\/schema\\\/person\\\/7059d0f58030a32fdd49640850b62ba1\",\"name\":\"Elisabeth Steuernagel\",\"url\":\"https:\\\/\\\/medical-solidarity.org\\\/de\\\/author\\\/elisabethmedical-volunteers-org\\\/\"}]}<\/script>\n<!-- \/ Yoast SEO plugin. -->","yoast_head_json":{"title":"Werde Teil unseres Legal-Teams &#8212; Medical Solidarity International","robots":{"index":"index","follow":"follow","max-snippet":"max-snippet:-1","max-image-preview":"max-image-preview:large","max-video-preview":"max-video-preview:-1"},"canonical":"https:\/\/medical-solidarity.org\/de\/werde-teil-unseres-legal_teams\/","og_locale":"de_DE","og_type":"article","og_title":"Werde Teil unseres Legal-Teams &#8212; Medical Solidarity International","og_description":"\u201eGesundheit ist ein Menschenrecht!\u201c Diesem Leitspruch folgend, versorgt Medical Volunteers International\/MVI mit Hilfe von mehr als 300 medizinisch qualifizierten Freiwilligen j\u00e4hrlich etwa 48.000 gefl\u00fcchtete Menschen in Griechenland, Bosnien und Serbien oder wo immer es n\u00f6tig wird und Europas Grenzen unpassierbar sind. Um die unterschiedlichen juristische Fragen im Themenkomplex Flucht und Migration, EU&#8211;Recht, Menschenrechte und Vereinsrecht [&hellip;]","og_url":"https:\/\/medical-solidarity.org\/de\/werde-teil-unseres-legal_teams\/","og_site_name":"Medical Solidarity International","article_publisher":"https:\/\/www.facebook.com\/medicalvolunteersinternational\/","article_published_time":"2023-08-11T11:20:01+00:00","article_modified_time":"2023-08-13T07:14:29+00:00","author":"Elisabeth Steuernagel","twitter_card":"summary_large_image","twitter_creator":"@MVI_Greece","twitter_site":"@MVI_Greece","twitter_misc":{"Verfasst von":"Elisabeth Steuernagel","Gesch\u00e4tzte Lesezeit":"1\u00a0Minute"},"schema":{"@context":"https:\/\/schema.org","@graph":[{"@type":"Article","@id":"https:\/\/medical-solidarity.org\/de\/werde-teil-unseres-legal_teams\/#article","isPartOf":{"@id":"https:\/\/medical-solidarity.org\/de\/werde-teil-unseres-legal_teams\/"},"author":{"name":"Elisabeth Steuernagel","@id":"https:\/\/medical-solidarity.org\/de\/#\/schema\/person\/7059d0f58030a32fdd49640850b62ba1"},"headline":"Werde Teil unseres Legal-Teams","datePublished":"2023-08-11T11:20:01+00:00","dateModified":"2023-08-13T07:14:29+00:00","mainEntityOfPage":{"@id":"https:\/\/medical-solidarity.org\/de\/werde-teil-unseres-legal_teams\/"},"wordCount":88,"commentCount":0,"publisher":{"@id":"https:\/\/medical-solidarity.org\/de\/#organization"},"articleSection":["NEWS"],"inLanguage":"de","potentialAction":[{"@type":"CommentAction","name":"Comment","target":["https:\/\/medical-solidarity.org\/de\/werde-teil-unseres-legal_teams\/#respond"]}]},{"@type":"WebPage","@id":"https:\/\/medical-solidarity.org\/de\/werde-teil-unseres-legal_teams\/","url":"https:\/\/medical-solidarity.org\/de\/werde-teil-unseres-legal_teams\/","name":"Werde Teil unseres Legal-Teams &#8212; Medical Solidarity International","isPartOf":{"@id":"https:\/\/medical-solidarity.org\/de\/#website"},"datePublished":"2023-08-11T11:20:01+00:00","dateModified":"2023-08-13T07:14:29+00:00","breadcrumb":{"@id":"https:\/\/medical-solidarity.org\/de\/werde-teil-unseres-legal_teams\/#breadcrumb"},"inLanguage":"de","potentialAction":[{"@type":"ReadAction","target":["https:\/\/medical-solidarity.org\/de\/werde-teil-unseres-legal_teams\/"]}]},{"@type":"BreadcrumbList","@id":"https:\/\/medical-solidarity.org\/de\/werde-teil-unseres-legal_teams\/#breadcrumb","itemListElement":[{"@type":"ListItem","position":1,"name":"Home","item":"https:\/\/medical-solidarity.org\/de\/medical-volunteers-2\/"},{"@type":"ListItem","position":2,"name":"Werde Teil unseres Legal-Teams"}]},{"@type":"WebSite","@id":"https:\/\/medical-solidarity.org\/de\/#website","url":"https:\/\/medical-solidarity.org\/de\/","name":"Medical Solidarity International","description":"","publisher":{"@id":"https:\/\/medical-solidarity.org\/de\/#organization"},"potentialAction":[{"@type":"SearchAction","target":{"@type":"EntryPoint","urlTemplate":"https:\/\/medical-solidarity.org\/de\/?s={search_term_string}"},"query-input":{"@type":"PropertyValueSpecification","valueRequired":true,"valueName":"search_term_string"}}],"inLanguage":"de"},{"@type":"Organization","@id":"https:\/\/medical-solidarity.org\/de\/#organization","name":"Medical Solidarity International","url":"https:\/\/medical-solidarity.org\/de\/","logo":{"@type":"ImageObject","inLanguage":"de","@id":"https:\/\/medical-solidarity.org\/de\/#\/schema\/logo\/image\/","url":"https:\/\/medical-solidarity.org\/wp-content\/uploads\/2025\/10\/Logo-rot-schwarz.png","contentUrl":"https:\/\/medical-solidarity.org\/wp-content\/uploads\/2025\/10\/Logo-rot-schwarz.png","width":1421,"height":1500,"caption":"Medical Solidarity International"},"image":{"@id":"https:\/\/medical-solidarity.org\/de\/#\/schema\/logo\/image\/"},"sameAs":["https:\/\/www.facebook.com\/medicalvolunteersinternational\/","https:\/\/x.com\/MVI_Greece","https:\/\/www.instagram.com\/mvi_greece\/"]},{"@type":"Person","@id":"https:\/\/medical-solidarity.org\/de\/#\/schema\/person\/7059d0f58030a32fdd49640850b62ba1","name":"Elisabeth Steuernagel","url":"https:\/\/medical-solidarity.org\/de\/author\/elisabethmedical-volunteers-org\/"}]}},"_links":{"self":[{"href":"https:\/\/medical-solidarity.org\/de\/wp-json\/wp\/v2\/posts\/182177","targetHints":{"allow":["GET"]}}],"collection":[{"href":"https:\/\/medical-solidarity.org\/de\/wp-json\/wp\/v2\/posts"}],"about":[{"href":"https:\/\/medical-solidarity.org\/de\/wp-json\/wp\/v2\/types\/post"}],"author":[{"embeddable":true,"href":"https:\/\/medical-solidarity.org\/de\/wp-json\/wp\/v2\/users\/73"}],"replies":[{"embeddable":true,"href":"https:\/\/medical-solidarity.org\/de\/wp-json\/wp\/v2\/comments?post=182177"}],"version-history":[{"count":9,"href":"https:\/\/medical-solidarity.org\/de\/wp-json\/wp\/v2\/posts\/182177\/revisions"}],"predecessor-version":[{"id":183315,"href":"https:\/\/medical-solidarity.org\/de\/wp-json\/wp\/v2\/posts\/182177\/revisions\/183315"}],"wp:attachment":[{"href":"https:\/\/medical-solidarity.org\/de\/wp-json\/wp\/v2\/media?parent=182177"}],"wp:term":[{"taxonomy":"category","embeddable":true,"href":"https:\/\/medical-solidarity.org\/de\/wp-json\/wp\/v2\/categories?post=182177"},{"taxonomy":"post_tag","embeddable":true,"href":"https:\/\/medical-solidarity.org\/de\/wp-json\/wp\/v2\/tags?post=182177"}],"curies":[{"name":"wp","href":"https:\/\/api.w.org\/{rel}","templated":true}]}}