{"id":182892,"date":"2023-08-28T12:26:56","date_gmt":"2023-08-28T10:26:56","guid":{"rendered":"https:\/\/medical-volunteers.org\/bfd-ab-oktober-2023\/"},"modified":"2025-10-13T12:09:33","modified_gmt":"2025-10-13T10:09:33","slug":"bfd-ab-oktober-2023","status":"publish","type":"post","link":"https:\/\/medical-solidarity.org\/de\/bfd-ab-oktober-2023\/","title":{"rendered":"Wir suchen eine Person f\u00fcr den BFD ab Oktober 2023"},"content":{"rendered":"<p style=\"text-align: center;\">Wir haben noch einen Platz frei f\u00fcr den BFD ab Oktober 2023! Arbeitsort ist unser B\u00fcro in Hamburg im sch\u00f6nen Stadtteil Hofeluft.<br \/>\nWir erm\u00f6glichen dir neue Erfahrungsr\u00e4ume auf internationaler Ebene.<br \/>\nMehr Infos: <a href=\"https:\/\/medical-volunteers.org\/bufdi-info-blatt.pdf\">hier!<\/a> Wir freuen uns \u00fcber zahlreiche Bewerbungen an: <a href=\"mailto:madlen@medical-solidarity.org\">madlen@medical-solidarity.org<\/a><\/p>\n<p style=\"text-align: center;\">HEALTHCARE IS A HUMAN RIGHT! \u2013 Stand up with us!<\/p>\n","protected":false},"excerpt":{"rendered":"<p>Wir haben noch einen Platz frei f\u00fcr den BFD ab Oktober 2023! Arbeitsort ist unser B\u00fcro in Hamburg im sch\u00f6nen Stadtteil Hofeluft. Wir erm\u00f6glichen dir neue Erfahrungsr\u00e4ume auf internationaler Ebene. Mehr Infos: hier! Wir freuen uns \u00fcber zahlreiche Bewerbungen an: madlen@medical-solidarity.org HEALTHCARE IS A HUMAN RIGHT! \u2013 Stand up with us!<\/p>\n","protected":false},"author":73,"featured_media":0,"comment_status":"open","ping_status":"open","sticky":false,"template":"","format":"standard","meta":{"footnotes":""},"categories":[57],"tags":[],"class_list":["post-182892","post","type-post","status-publish","format-standard","hentry","category-news-de"],"yoast_head":"<!-- This site is optimized with the Yoast SEO plugin v27.4 - https:\/\/yoast.com\/product\/yoast-seo-wordpress\/ -->\n<title>Wir suchen eine Person f\u00fcr den BFD ab Oktober 2023 &#8212; Medical Solidarity International<\/title>\n<meta name=\"robots\" content=\"index, follow, max-snippet:-1, max-image-preview:large, max-video-preview:-1\" \/>\n<link rel=\"canonical\" href=\"https:\/\/medical-solidarity.org\/de\/bfd-ab-oktober-2023\/\" \/>\n<meta property=\"og:locale\" content=\"de_DE\" \/>\n<meta property=\"og:type\" content=\"article\" \/>\n<meta property=\"og:title\" content=\"Wir suchen eine Person f\u00fcr den BFD ab Oktober 2023 &#8212; Medical Solidarity International\" \/>\n<meta property=\"og:description\" content=\"Wir haben noch einen Platz frei f\u00fcr den BFD ab Oktober 2023! Arbeitsort ist unser B\u00fcro in Hamburg im sch\u00f6nen Stadtteil Hofeluft. Wir erm\u00f6glichen dir neue Erfahrungsr\u00e4ume auf internationaler Ebene. Mehr Infos: hier! Wir freuen uns \u00fcber zahlreiche Bewerbungen an: madlen@medical-solidarity.org HEALTHCARE IS A HUMAN RIGHT! \u2013 Stand up with us!\" \/>\n<meta property=\"og:url\" content=\"https:\/\/medical-solidarity.org\/de\/bfd-ab-oktober-2023\/\" \/>\n<meta property=\"og:site_name\" content=\"Medical Solidarity International\" \/>\n<meta property=\"article:publisher\" content=\"https:\/\/www.facebook.com\/medicalvolunteersinternational\/\" \/>\n<meta property=\"article:published_time\" content=\"2023-08-28T10:26:56+00:00\" \/>\n<meta property=\"article:modified_time\" content=\"2025-10-13T10:09:33+00:00\" \/>\n<meta name=\"author\" content=\"Elisabeth Steuernagel\" \/>\n<meta name=\"twitter:card\" content=\"summary_large_image\" \/>\n<meta name=\"twitter:creator\" content=\"@MVI_Greece\" \/>\n<meta name=\"twitter:site\" content=\"@MVI_Greece\" \/>\n<meta name=\"twitter:label1\" content=\"Verfasst von\" \/>\n\t<meta name=\"twitter:data1\" content=\"Elisabeth Steuernagel\" \/>\n\t<meta name=\"twitter:label2\" content=\"Gesch\u00e4tzte Lesezeit\" \/>\n\t<meta name=\"twitter:data2\" content=\"1\u00a0Minute\" \/>\n<script type=\"application\/ld+json\" class=\"yoast-schema-graph\">{\"@context\":\"https:\\\/\\\/schema.org\",\"@graph\":[{\"@type\":\"Article\",\"@id\":\"https:\\\/\\\/medical-solidarity.org\\\/de\\\/bfd-ab-oktober-2023\\\/#article\",\"isPartOf\":{\"@id\":\"https:\\\/\\\/medical-solidarity.org\\\/de\\\/bfd-ab-oktober-2023\\\/\"},\"author\":{\"name\":\"Elisabeth Steuernagel\",\"@id\":\"https:\\\/\\\/medical-solidarity.org\\\/de\\\/#\\\/schema\\\/person\\\/7059d0f58030a32fdd49640850b62ba1\"},\"headline\":\"Wir suchen eine Person f\u00fcr den BFD ab Oktober 2023\",\"datePublished\":\"2023-08-28T10:26:56+00:00\",\"dateModified\":\"2025-10-13T10:09:33+00:00\",\"mainEntityOfPage\":{\"@id\":\"https:\\\/\\\/medical-solidarity.org\\\/de\\\/bfd-ab-oktober-2023\\\/\"},\"wordCount\":66,\"commentCount\":0,\"publisher\":{\"@id\":\"https:\\\/\\\/medical-solidarity.org\\\/de\\\/#organization\"},\"articleSection\":[\"NEWS\"],\"inLanguage\":\"de\",\"potentialAction\":[{\"@type\":\"CommentAction\",\"name\":\"Comment\",\"target\":[\"https:\\\/\\\/medical-solidarity.org\\\/de\\\/bfd-ab-oktober-2023\\\/#respond\"]}]},{\"@type\":\"WebPage\",\"@id\":\"https:\\\/\\\/medical-solidarity.org\\\/de\\\/bfd-ab-oktober-2023\\\/\",\"url\":\"https:\\\/\\\/medical-solidarity.org\\\/de\\\/bfd-ab-oktober-2023\\\/\",\"name\":\"Wir suchen eine Person f\u00fcr den BFD ab Oktober 2023 &#8212; Medical Solidarity International\",\"isPartOf\":{\"@id\":\"https:\\\/\\\/medical-solidarity.org\\\/de\\\/#website\"},\"datePublished\":\"2023-08-28T10:26:56+00:00\",\"dateModified\":\"2025-10-13T10:09:33+00:00\",\"breadcrumb\":{\"@id\":\"https:\\\/\\\/medical-solidarity.org\\\/de\\\/bfd-ab-oktober-2023\\\/#breadcrumb\"},\"inLanguage\":\"de\",\"potentialAction\":[{\"@type\":\"ReadAction\",\"target\":[\"https:\\\/\\\/medical-solidarity.org\\\/de\\\/bfd-ab-oktober-2023\\\/\"]}]},{\"@type\":\"BreadcrumbList\",\"@id\":\"https:\\\/\\\/medical-solidarity.org\\\/de\\\/bfd-ab-oktober-2023\\\/#breadcrumb\",\"itemListElement\":[{\"@type\":\"ListItem\",\"position\":1,\"name\":\"Home\",\"item\":\"https:\\\/\\\/medical-solidarity.org\\\/de\\\/medical-volunteers-2\\\/\"},{\"@type\":\"ListItem\",\"position\":2,\"name\":\"Wir suchen eine Person f\u00fcr den BFD ab Oktober 2023\"}]},{\"@type\":\"WebSite\",\"@id\":\"https:\\\/\\\/medical-solidarity.org\\\/de\\\/#website\",\"url\":\"https:\\\/\\\/medical-solidarity.org\\\/de\\\/\",\"name\":\"Medical Solidarity International\",\"description\":\"\",\"publisher\":{\"@id\":\"https:\\\/\\\/medical-solidarity.org\\\/de\\\/#organization\"},\"potentialAction\":[{\"@type\":\"SearchAction\",\"target\":{\"@type\":\"EntryPoint\",\"urlTemplate\":\"https:\\\/\\\/medical-solidarity.org\\\/de\\\/?s={search_term_string}\"},\"query-input\":{\"@type\":\"PropertyValueSpecification\",\"valueRequired\":true,\"valueName\":\"search_term_string\"}}],\"inLanguage\":\"de\"},{\"@type\":\"Organization\",\"@id\":\"https:\\\/\\\/medical-solidarity.org\\\/de\\\/#organization\",\"name\":\"Medical Solidarity International\",\"url\":\"https:\\\/\\\/medical-solidarity.org\\\/de\\\/\",\"logo\":{\"@type\":\"ImageObject\",\"inLanguage\":\"de\",\"@id\":\"https:\\\/\\\/medical-solidarity.org\\\/de\\\/#\\\/schema\\\/logo\\\/image\\\/\",\"url\":\"https:\\\/\\\/medical-solidarity.org\\\/wp-content\\\/uploads\\\/2025\\\/10\\\/Logo-rot-schwarz.png\",\"contentUrl\":\"https:\\\/\\\/medical-solidarity.org\\\/wp-content\\\/uploads\\\/2025\\\/10\\\/Logo-rot-schwarz.png\",\"width\":1421,\"height\":1500,\"caption\":\"Medical Solidarity International\"},\"image\":{\"@id\":\"https:\\\/\\\/medical-solidarity.org\\\/de\\\/#\\\/schema\\\/logo\\\/image\\\/\"},\"sameAs\":[\"https:\\\/\\\/www.facebook.com\\\/medicalvolunteersinternational\\\/\",\"https:\\\/\\\/x.com\\\/MVI_Greece\",\"https:\\\/\\\/www.instagram.com\\\/mvi_greece\\\/\"]},{\"@type\":\"Person\",\"@id\":\"https:\\\/\\\/medical-solidarity.org\\\/de\\\/#\\\/schema\\\/person\\\/7059d0f58030a32fdd49640850b62ba1\",\"name\":\"Elisabeth Steuernagel\",\"url\":\"https:\\\/\\\/medical-solidarity.org\\\/de\\\/author\\\/elisabethmedical-volunteers-org\\\/\"}]}<\/script>\n<!-- \/ Yoast SEO plugin. -->","yoast_head_json":{"title":"Wir suchen eine Person f\u00fcr den BFD ab Oktober 2023 &#8212; Medical Solidarity International","robots":{"index":"index","follow":"follow","max-snippet":"max-snippet:-1","max-image-preview":"max-image-preview:large","max-video-preview":"max-video-preview:-1"},"canonical":"https:\/\/medical-solidarity.org\/de\/bfd-ab-oktober-2023\/","og_locale":"de_DE","og_type":"article","og_title":"Wir suchen eine Person f\u00fcr den BFD ab Oktober 2023 &#8212; Medical Solidarity International","og_description":"Wir haben noch einen Platz frei f\u00fcr den BFD ab Oktober 2023! Arbeitsort ist unser B\u00fcro in Hamburg im sch\u00f6nen Stadtteil Hofeluft. Wir erm\u00f6glichen dir neue Erfahrungsr\u00e4ume auf internationaler Ebene. Mehr Infos: hier! Wir freuen uns \u00fcber zahlreiche Bewerbungen an: madlen@medical-solidarity.org HEALTHCARE IS A HUMAN RIGHT! \u2013 Stand up with us!","og_url":"https:\/\/medical-solidarity.org\/de\/bfd-ab-oktober-2023\/","og_site_name":"Medical Solidarity International","article_publisher":"https:\/\/www.facebook.com\/medicalvolunteersinternational\/","article_published_time":"2023-08-28T10:26:56+00:00","article_modified_time":"2025-10-13T10:09:33+00:00","author":"Elisabeth Steuernagel","twitter_card":"summary_large_image","twitter_creator":"@MVI_Greece","twitter_site":"@MVI_Greece","twitter_misc":{"Verfasst von":"Elisabeth Steuernagel","Gesch\u00e4tzte Lesezeit":"1\u00a0Minute"},"schema":{"@context":"https:\/\/schema.org","@graph":[{"@type":"Article","@id":"https:\/\/medical-solidarity.org\/de\/bfd-ab-oktober-2023\/#article","isPartOf":{"@id":"https:\/\/medical-solidarity.org\/de\/bfd-ab-oktober-2023\/"},"author":{"name":"Elisabeth Steuernagel","@id":"https:\/\/medical-solidarity.org\/de\/#\/schema\/person\/7059d0f58030a32fdd49640850b62ba1"},"headline":"Wir suchen eine Person f\u00fcr den BFD ab Oktober 2023","datePublished":"2023-08-28T10:26:56+00:00","dateModified":"2025-10-13T10:09:33+00:00","mainEntityOfPage":{"@id":"https:\/\/medical-solidarity.org\/de\/bfd-ab-oktober-2023\/"},"wordCount":66,"commentCount":0,"publisher":{"@id":"https:\/\/medical-solidarity.org\/de\/#organization"},"articleSection":["NEWS"],"inLanguage":"de","potentialAction":[{"@type":"CommentAction","name":"Comment","target":["https:\/\/medical-solidarity.org\/de\/bfd-ab-oktober-2023\/#respond"]}]},{"@type":"WebPage","@id":"https:\/\/medical-solidarity.org\/de\/bfd-ab-oktober-2023\/","url":"https:\/\/medical-solidarity.org\/de\/bfd-ab-oktober-2023\/","name":"Wir suchen eine Person f\u00fcr den BFD ab Oktober 2023 &#8212; Medical Solidarity International","isPartOf":{"@id":"https:\/\/medical-solidarity.org\/de\/#website"},"datePublished":"2023-08-28T10:26:56+00:00","dateModified":"2025-10-13T10:09:33+00:00","breadcrumb":{"@id":"https:\/\/medical-solidarity.org\/de\/bfd-ab-oktober-2023\/#breadcrumb"},"inLanguage":"de","potentialAction":[{"@type":"ReadAction","target":["https:\/\/medical-solidarity.org\/de\/bfd-ab-oktober-2023\/"]}]},{"@type":"BreadcrumbList","@id":"https:\/\/medical-solidarity.org\/de\/bfd-ab-oktober-2023\/#breadcrumb","itemListElement":[{"@type":"ListItem","position":1,"name":"Home","item":"https:\/\/medical-solidarity.org\/de\/medical-volunteers-2\/"},{"@type":"ListItem","position":2,"name":"Wir suchen eine Person f\u00fcr den BFD ab Oktober 2023"}]},{"@type":"WebSite","@id":"https:\/\/medical-solidarity.org\/de\/#website","url":"https:\/\/medical-solidarity.org\/de\/","name":"Medical Solidarity International","description":"","publisher":{"@id":"https:\/\/medical-solidarity.org\/de\/#organization"},"potentialAction":[{"@type":"SearchAction","target":{"@type":"EntryPoint","urlTemplate":"https:\/\/medical-solidarity.org\/de\/?s={search_term_string}"},"query-input":{"@type":"PropertyValueSpecification","valueRequired":true,"valueName":"search_term_string"}}],"inLanguage":"de"},{"@type":"Organization","@id":"https:\/\/medical-solidarity.org\/de\/#organization","name":"Medical Solidarity International","url":"https:\/\/medical-solidarity.org\/de\/","logo":{"@type":"ImageObject","inLanguage":"de","@id":"https:\/\/medical-solidarity.org\/de\/#\/schema\/logo\/image\/","url":"https:\/\/medical-solidarity.org\/wp-content\/uploads\/2025\/10\/Logo-rot-schwarz.png","contentUrl":"https:\/\/medical-solidarity.org\/wp-content\/uploads\/2025\/10\/Logo-rot-schwarz.png","width":1421,"height":1500,"caption":"Medical Solidarity International"},"image":{"@id":"https:\/\/medical-solidarity.org\/de\/#\/schema\/logo\/image\/"},"sameAs":["https:\/\/www.facebook.com\/medicalvolunteersinternational\/","https:\/\/x.com\/MVI_Greece","https:\/\/www.instagram.com\/mvi_greece\/"]},{"@type":"Person","@id":"https:\/\/medical-solidarity.org\/de\/#\/schema\/person\/7059d0f58030a32fdd49640850b62ba1","name":"Elisabeth Steuernagel","url":"https:\/\/medical-solidarity.org\/de\/author\/elisabethmedical-volunteers-org\/"}]}},"_links":{"self":[{"href":"https:\/\/medical-solidarity.org\/de\/wp-json\/wp\/v2\/posts\/182892","targetHints":{"allow":["GET"]}}],"collection":[{"href":"https:\/\/medical-solidarity.org\/de\/wp-json\/wp\/v2\/posts"}],"about":[{"href":"https:\/\/medical-solidarity.org\/de\/wp-json\/wp\/v2\/types\/post"}],"author":[{"embeddable":true,"href":"https:\/\/medical-solidarity.org\/de\/wp-json\/wp\/v2\/users\/73"}],"replies":[{"embeddable":true,"href":"https:\/\/medical-solidarity.org\/de\/wp-json\/wp\/v2\/comments?post=182892"}],"version-history":[{"count":7,"href":"https:\/\/medical-solidarity.org\/de\/wp-json\/wp\/v2\/posts\/182892\/revisions"}],"predecessor-version":[{"id":187689,"href":"https:\/\/medical-solidarity.org\/de\/wp-json\/wp\/v2\/posts\/182892\/revisions\/187689"}],"wp:attachment":[{"href":"https:\/\/medical-solidarity.org\/de\/wp-json\/wp\/v2\/media?parent=182892"}],"wp:term":[{"taxonomy":"category","embeddable":true,"href":"https:\/\/medical-solidarity.org\/de\/wp-json\/wp\/v2\/categories?post=182892"},{"taxonomy":"post_tag","embeddable":true,"href":"https:\/\/medical-solidarity.org\/de\/wp-json\/wp\/v2\/tags?post=182892"}],"curies":[{"name":"wp","href":"https:\/\/api.w.org\/{rel}","templated":true}]}}