{"id":9651,"date":"2020-12-16T21:16:15","date_gmt":"2020-12-16T20:16:15","guid":{"rendered":"https:\/\/medical-volunteers.org\/?p=9651"},"modified":"2020-12-16T21:19:40","modified_gmt":"2020-12-16T20:19:40","slug":"interview-mit-unserem-dolmetscher-nasir","status":"publish","type":"post","link":"https:\/\/medical-solidarity.org\/de\/interview-mit-unserem-dolmetscher-nasir\/","title":{"rendered":"Interview mit unserem Dolmetscher Nasir"},"content":{"rendered":"<p><b>Stellen Sie sich bitte einmal vor\u2026\u00a0<\/b><\/p>\n<p><span style=\"font-weight: 400;\">Ich bin Nasir Mahmoodzada, 26 Jahre alt und arbeite als Dolmetscher f\u00fcr MVI in der Klinik f\u00fcr psychische Gesundheit.\u00a0<\/span><\/p>\n<p><b>Woher kommen Sie?<\/b><\/p>\n<p><span style=\"font-weight: 400;\">Ich komme aus Afghanistan.\u00a0<\/span><\/p>\n<p><b>Wann sind Sie nach Lesbos gekommen?<\/b><\/p>\n<p><span style=\"font-weight: 400;\">Am 18. August 2016 bin ich hier angekommen.\u00a0<\/span><\/p>\n<p><b>Sind Sie alleine hier?<\/b><\/p>\n<p><span style=\"font-weight: 400;\">Ja, ich bin alleine hier.<\/span><\/p>\n<p><b>Wie haben Sie Ihre Anreise erlebt?<\/b><\/p>\n<p><span style=\"font-weight: 400;\">Es war eine schreckliche Tour. Ein langer Weg mit vielen Schwierigkeiten und Unf\u00e4llen. Ich habe unterwegs Leichen gesehen und ich habe miterlebt, wie die t\u00fcrkische Polizei jemanden vor meinen Augen get\u00f6tet hat.<\/span><\/p>\n<p><b>Was haben Sie als erstes gedacht, als Sie die Situation hier gesehen haben?<\/b><\/p>\n<p><span style=\"font-weight: 400;\">Als ich im Boot sa\u00df und wir die Grenze \u00fcberquerten, stellte ich mir vor, dass das Leben von nun an anders sein w\u00fcrde und dass die Situation endlich besser werden w\u00fcrde. Dann kam ich in das Camp hier und war v\u00f6llig \u00fcberrascht.\u00a0 Die erste Woche verbrachte ich mit der Suche nach einem Schlafplatz, da nichts f\u00fcr uns Neuankommende vorbereitet oder verf\u00fcgbar war. Nachts musste ich mir einen Platz auf der Stra\u00dfe suchen und meine Tasche unter den Kopf klemmen, um zu schlafen. Damals, 2016, bekam man ein offizielles Papier von der Polizei und dann war man im Lager auf sich allein gestellt &#8211; auch um zum Beispiel einen Schlafplatz zu finden. Eurorelief war damals vor Ort und ihre Mitarbeiter verteilten Schlafs\u00e4cke und Zelte. Da aber die Nachfrage sehr hoch war (jeden Tag kamen unz\u00e4hlige Menschen an), gab es nicht genug Platz oder Ausr\u00fcstung f\u00fcr alle. Nachdem ich eine Woche lang auf der Stra\u00dfe geschlafen hatte, ging ich zu Eurorelief, um mich zu beschweren und br\u00fcllte sie an, mir eine Schlafm\u00f6glichkeit zu geben. Schlie\u00dflich bekam ich ein Zelt. Als es im Winter zu schneien begann, wurde es so eisig kalt, dass wir uns nachts mit Wodka warm hielten. Nach sechs Monaten bekam ich endlich meine offiziellen Papiere und konnte nach Mytilini fahren.\u00a0<\/span><\/p>\n<p><b>Was haben Sie auf Lesbos als erstes gemacht?<\/b><\/p>\n<p><span style=\"font-weight: 400;\">Als ich das Moria-Lager nach 6 Monaten verlie\u00df, begann ich f\u00fcr &#8222;No Border Kitchen&#8220; zu arbeiten.\u00a0 Ich unterst\u00fctze als \u00dcbersetzer f\u00fcr Afghanen und Pakistaner.\u00a0<\/span><\/p>\n<p><b>Wie hat sich die Situation hier ver\u00e4ndert, seit Sie hier sind?<\/b><\/p>\n<p><span style=\"font-weight: 400;\">Als ich 2016 ankam, war die Situation eine vollkommen andere.<\/span><\/p>\n<p><span style=\"font-weight: 400;\">Die lokale Bev\u00f6lkerung und die Menschen, die in den Fl\u00fcchtlingslagern arbeiteten, waren freundlich zu den Fl\u00fcchtlingen &#8211; nicht \u00fcberm\u00e4\u00dfig freundlich, aber doch nett. Verglichen mit der aktuellen Situation im Jahr 2020 hat sich das komplett ge\u00e4ndert. Ich kann das gut einsch\u00e4tzen, weil ich mich mit Einheimischen dar\u00fcber unterhalten habe: Sie sind ersch\u00f6pft von der Situation und es entwickelt sich ein gewisser Hass gegen die Gefl\u00fcchteten. Es ist also jetzt eine v\u00f6llig andere Situation.\u00a0<\/span><\/p>\n<p><span style=\"font-weight: 400;\">Auch die Situation im Lager selbst hat sich stark ver\u00e4ndert. Im Jahr 2016, als ich dort lebte, waren es maximal 2.500 Menschen in Camp Moria. Im Jahr 2020 war es kein Camp mehr, sondern erreichte die Gr\u00f6\u00dfe einer Stadt, mit etwa 20.000 Menschen. Eine grauenhafte Stadt. Es gab viel Gewalt, Schl\u00e4gereien und Raub\u00fcberf\u00e4lle. Und so ist es auch in dem neuen Lager. Ich kenne Leute, die wegen der n\u00e4chtlichen Raub\u00fcberf\u00e4lle mit ihren Handys und Geldb\u00f6rsen in ihrer Unterw\u00e4sche schlafen m\u00fcssen. Auch wenn es jetzt mehr Polizei gibt, ist das neue Lager nicht sicher genug.<\/span><\/p>\n<p><b>Und seit dem gro\u00dfen Feuer am 9. September?<\/b><\/p>\n<p><span style=\"font-weight: 400;\">Das erste, das mir auffiel, als ich mit den Griechen sprach, war, dass die Einheimischen nach dem Brand das Gef\u00fchl hatten, dass die Gefl\u00fcchteten Krieg in ihr Land gebracht haben. Die Einheimischen hier haben noch nie diese Art von Gewalt in ihrem Land gesehen, und das Feuer war ein Schock f\u00fcr sie. Au\u00dferdem haben sich die Lebensbedingungen f\u00fcr Gefl\u00fcchtete v\u00f6llig ver\u00e4ndert. Wir dachten vorher, dass Moria ein schlechter Ort war, aber das neue Camp ist in einem noch schlechteren Zustand.\u00a0 Es liegt direkt am Meer, wenn es regnet, ist es dort komplett \u00fcberflutet. Ich hatte mich nach den Regenf\u00e4llen mit einer Familie im Camp unterhalten. Der Vater erz\u00e4hlte mir, dass er w\u00e4hrend des Regens aufstehen und seine beiden Kinder in den Armen halten musste, bis der Regen aufh\u00f6rte. Er hatte Angst vor \u00dcberschwemmungen und dass seine Kinder ertrinken w\u00fcrden, wenn sie auf dem Boden s\u00e4\u00dfen. Dies ist nur ein Beispiel von vielen. Einige Menschen beschweren sich auch \u00fcber die K\u00e4lte, da es weder Heizung noch Elektrizit\u00e4t gibt.<\/span><\/p>\n<p><b>Was sollte sich hier \u00e4ndern?<\/b><\/p>\n<p><span style=\"font-weight: 400;\">Die Verbesserung der Lebensbedingungen im Camp ist im Moment das Wichtigste.\u00a0<\/span><\/p>\n<p><span style=\"font-weight: 400;\">Wenn die griechische Regierung uns nicht ausreichend mit Lebensmitteln versorgt, helfen uns NGOs. Die Lebensbedingungen sind immer noch sehr schwierig: Es ist kalt, es gibt keinen Strom oder sonstige Einrichtungen. Das muss sich unbedingt \u00e4ndern.<\/span><\/p>\n<p><b>Bekommen Sie mit, wie Menschen au\u00dferhalb von Lesbos \u00fcber diese Situation denken?<\/b><\/p>\n<p><span style=\"font-weight: 400;\">Alle Menschen, die ich kenne, wie z.B. Freiwillige oder Menschen, die sich f\u00fcr die Situation der Gefl\u00fcchteten interessieren, zeigen Mitgef\u00fchl. Aber ich kann nicht f\u00fcr alle sprechen, weil ich nur ausgew\u00e4hlte Menschen hier kenne und bisher noch nicht an anderen Orten war.<\/span><\/p>\n<p><b>Worauf sollte die Aufmerksamkeit der Menschen, der Medien jetzt liegen?<\/b><\/p>\n<p><span style=\"font-weight: 400;\">Auf der Situation innerhalb des Camps. Wenn man mit einer Drohne \u00fcber das Lager fliegt, scheint der Anblick in Ordnung zu sein. Man muss die Situation von innen zeigen, um zu erkennen, wie erschreckend die Lebensbedingungen dort sind.<\/span><\/p>\n<p><b>Was ist das Sch\u00f6nste, was Ihnen hier passiert ist?<\/b><\/p>\n<p><span style=\"font-weight: 400;\">Die Freundschaften und die Menschen, die ich getroffen habe, seit ich hier bin.<\/span><\/p>\n<p><b>Wie sind Sie in Kontakt mit den Medical Volunteers International gekommen?<\/b><\/p>\n<p><span style=\"font-weight: 400;\">Ich wollte in Camp Moria f\u00fcr medizinische NGOs arbeiten. Jemand vermittelte mir den Kontakt zu Micol, einer der Koordinatorinnen von MVI. Sie interviewte mich und nahm mich dann ins Team auf.<\/span><\/p>\n<p><b>Was halten Sie von ihrer Arbeit?<\/b><\/p>\n<p><span style=\"font-weight: 400;\">MVI unterst\u00fctzt die Menschen hier, indem sie medizinische Hilfe leisten. Die Medical Volunteers begegnen den Menschen hier mit Aufmerksamkeit und auf Augenh\u00f6he, das wird hier wirklich gesch\u00e4tzt.<\/span><\/p>\n<p><b>Was m\u00f6chten Sie unseren LeserInnen mit auf den Weg geben?<\/b><\/p>\n<p><span style=\"font-weight: 400;\">Wenn es sich bei den Lesern um \u00c4rztInnen und medizinisches Fachpersonal handelt, w\u00fcrde ich sagen, dass es mehr SpezialistInnen und fachgerechte Untersuchungsger\u00e4te ben\u00f6tigt. PatientInnen, die hier untersucht werden, werden h\u00e4ufig f\u00fcr weiterf\u00fchrende Diagnose zu einem Spezialisten geschickt. Aber die Menschen hier k\u00f6nnen sich das nicht leisten. Au\u00dferdem ist es derzeit auch nicht einfach das Camp zu verlassen. Daher w\u00e4re meine Bitte es zu erm\u00f6glichen, dass auch zunehmend Diagnosen von SpezialistInnen im Camp durchgef\u00fchrt werden k\u00f6nnen und es keine kostenpflichtigen Untersuchungen in der Stadt ben\u00f6tigt.<\/span><\/p>\n<p><b>Vielen Dank f\u00fcr das Interview!<\/b><\/p>\n","protected":false},"excerpt":{"rendered":"<p>Stellen Sie sich bitte einmal vor\u2026\u00a0 Ich bin Nasir Mahmoodzada, 26 Jahre alt und arbeite als Dolmetscher f\u00fcr MVI in der Klinik f\u00fcr psychische Gesundheit.\u00a0 Woher kommen Sie? Ich komme aus Afghanistan.\u00a0 Wann sind Sie nach Lesbos gekommen? Am 18. August 2016 bin ich hier angekommen.\u00a0 Sind Sie alleine hier? Ja, ich bin alleine hier. [&hellip;]<\/p>\n","protected":false},"author":48,"featured_media":9649,"comment_status":"open","ping_status":"open","sticky":false,"template":"","format":"standard","meta":{"footnotes":""},"categories":[58],"tags":[],"class_list":["post-9651","post","type-post","status-publish","format-standard","has-post-thumbnail","hentry","category-interview-de"],"yoast_head":"<!-- This site is optimized with the Yoast SEO plugin v27.4 - https:\/\/yoast.com\/product\/yoast-seo-wordpress\/ -->\n<title>Interview mit unserem Dolmetscher Nasir &#8212; Medical Solidarity International<\/title>\n<meta name=\"description\" content=\"Nasir berichtet \u00fcber seine Erlebnisse auf der griechischen Insel Lesbos und den Begegnungen mit den griechischen Einwohnern und Fl\u00fcchtlingen.\" \/>\n<meta name=\"robots\" content=\"index, follow, max-snippet:-1, max-image-preview:large, max-video-preview:-1\" \/>\n<link rel=\"canonical\" href=\"https:\/\/medical-solidarity.org\/de\/interview-mit-unserem-dolmetscher-nasir\/\" \/>\n<meta property=\"og:locale\" content=\"de_DE\" \/>\n<meta property=\"og:type\" content=\"article\" \/>\n<meta property=\"og:title\" content=\"Interview mit unserem Dolmetscher Nasir &#8212; Medical Solidarity International\" \/>\n<meta property=\"og:description\" content=\"Nasir berichtet \u00fcber seine Erlebnisse auf der griechischen Insel Lesbos und den Begegnungen mit den griechischen Einwohnern und Fl\u00fcchtlingen.\" \/>\n<meta property=\"og:url\" content=\"https:\/\/medical-solidarity.org\/de\/interview-mit-unserem-dolmetscher-nasir\/\" \/>\n<meta property=\"og:site_name\" content=\"Medical Solidarity International\" \/>\n<meta property=\"article:publisher\" content=\"https:\/\/www.facebook.com\/medicalvolunteersinternational\/\" \/>\n<meta property=\"article:published_time\" content=\"2020-12-16T20:16:15+00:00\" \/>\n<meta property=\"article:modified_time\" content=\"2020-12-16T20:19:40+00:00\" \/>\n<meta property=\"og:image\" content=\"https:\/\/medical-solidarity.org\/wp-content\/uploads\/2020\/12\/Nasir.jpg\" \/>\n\t<meta property=\"og:image:width\" content=\"940\" \/>\n\t<meta property=\"og:image:height\" content=\"788\" \/>\n\t<meta property=\"og:image:type\" content=\"image\/jpeg\" \/>\n<meta name=\"author\" content=\"civicrm meyer-martin\" \/>\n<meta name=\"twitter:card\" content=\"summary_large_image\" \/>\n<meta name=\"twitter:creator\" content=\"@MVI_Greece\" \/>\n<meta name=\"twitter:site\" content=\"@MVI_Greece\" \/>\n<meta name=\"twitter:label1\" content=\"Verfasst von\" \/>\n\t<meta name=\"twitter:data1\" content=\"civicrm meyer-martin\" \/>\n\t<meta name=\"twitter:label2\" content=\"Gesch\u00e4tzte Lesezeit\" \/>\n\t<meta name=\"twitter:data2\" content=\"6\u00a0Minuten\" \/>\n<script type=\"application\/ld+json\" class=\"yoast-schema-graph\">{\"@context\":\"https:\\\/\\\/schema.org\",\"@graph\":[{\"@type\":\"Article\",\"@id\":\"https:\\\/\\\/medical-solidarity.org\\\/de\\\/interview-mit-unserem-dolmetscher-nasir\\\/#article\",\"isPartOf\":{\"@id\":\"https:\\\/\\\/medical-solidarity.org\\\/de\\\/interview-mit-unserem-dolmetscher-nasir\\\/\"},\"author\":{\"name\":\"civicrm meyer-martin\",\"@id\":\"https:\\\/\\\/medical-solidarity.org\\\/de\\\/#\\\/schema\\\/person\\\/ef6d57283fb6cbec400724f2372ea4af\"},\"headline\":\"Interview mit unserem Dolmetscher Nasir\",\"datePublished\":\"2020-12-16T20:16:15+00:00\",\"dateModified\":\"2020-12-16T20:19:40+00:00\",\"mainEntityOfPage\":{\"@id\":\"https:\\\/\\\/medical-solidarity.org\\\/de\\\/interview-mit-unserem-dolmetscher-nasir\\\/\"},\"wordCount\":1142,\"commentCount\":0,\"publisher\":{\"@id\":\"https:\\\/\\\/medical-solidarity.org\\\/de\\\/#organization\"},\"image\":{\"@id\":\"https:\\\/\\\/medical-solidarity.org\\\/de\\\/interview-mit-unserem-dolmetscher-nasir\\\/#primaryimage\"},\"thumbnailUrl\":\"https:\\\/\\\/medical-solidarity.org\\\/wp-content\\\/uploads\\\/2020\\\/12\\\/Nasir.jpg\",\"articleSection\":[\"Interview\"],\"inLanguage\":\"de\",\"potentialAction\":[{\"@type\":\"CommentAction\",\"name\":\"Comment\",\"target\":[\"https:\\\/\\\/medical-solidarity.org\\\/de\\\/interview-mit-unserem-dolmetscher-nasir\\\/#respond\"]}]},{\"@type\":\"WebPage\",\"@id\":\"https:\\\/\\\/medical-solidarity.org\\\/de\\\/interview-mit-unserem-dolmetscher-nasir\\\/\",\"url\":\"https:\\\/\\\/medical-solidarity.org\\\/de\\\/interview-mit-unserem-dolmetscher-nasir\\\/\",\"name\":\"Interview mit unserem Dolmetscher Nasir &#8212; Medical Solidarity International\",\"isPartOf\":{\"@id\":\"https:\\\/\\\/medical-solidarity.org\\\/de\\\/#website\"},\"primaryImageOfPage\":{\"@id\":\"https:\\\/\\\/medical-solidarity.org\\\/de\\\/interview-mit-unserem-dolmetscher-nasir\\\/#primaryimage\"},\"image\":{\"@id\":\"https:\\\/\\\/medical-solidarity.org\\\/de\\\/interview-mit-unserem-dolmetscher-nasir\\\/#primaryimage\"},\"thumbnailUrl\":\"https:\\\/\\\/medical-solidarity.org\\\/wp-content\\\/uploads\\\/2020\\\/12\\\/Nasir.jpg\",\"datePublished\":\"2020-12-16T20:16:15+00:00\",\"dateModified\":\"2020-12-16T20:19:40+00:00\",\"description\":\"Nasir berichtet \u00fcber seine Erlebnisse auf der griechischen Insel Lesbos und den Begegnungen mit den griechischen Einwohnern und Fl\u00fcchtlingen.\",\"breadcrumb\":{\"@id\":\"https:\\\/\\\/medical-solidarity.org\\\/de\\\/interview-mit-unserem-dolmetscher-nasir\\\/#breadcrumb\"},\"inLanguage\":\"de\",\"potentialAction\":[{\"@type\":\"ReadAction\",\"target\":[\"https:\\\/\\\/medical-solidarity.org\\\/de\\\/interview-mit-unserem-dolmetscher-nasir\\\/\"]}]},{\"@type\":\"ImageObject\",\"inLanguage\":\"de\",\"@id\":\"https:\\\/\\\/medical-solidarity.org\\\/de\\\/interview-mit-unserem-dolmetscher-nasir\\\/#primaryimage\",\"url\":\"https:\\\/\\\/medical-solidarity.org\\\/wp-content\\\/uploads\\\/2020\\\/12\\\/Nasir.jpg\",\"contentUrl\":\"https:\\\/\\\/medical-solidarity.org\\\/wp-content\\\/uploads\\\/2020\\\/12\\\/Nasir.jpg\",\"width\":940,\"height\":788,\"caption\":\"Nasir\"},{\"@type\":\"BreadcrumbList\",\"@id\":\"https:\\\/\\\/medical-solidarity.org\\\/de\\\/interview-mit-unserem-dolmetscher-nasir\\\/#breadcrumb\",\"itemListElement\":[{\"@type\":\"ListItem\",\"position\":1,\"name\":\"Home\",\"item\":\"https:\\\/\\\/medical-solidarity.org\\\/de\\\/medical-volunteers-2\\\/\"},{\"@type\":\"ListItem\",\"position\":2,\"name\":\"Interview mit unserem Dolmetscher Nasir\"}]},{\"@type\":\"WebSite\",\"@id\":\"https:\\\/\\\/medical-solidarity.org\\\/de\\\/#website\",\"url\":\"https:\\\/\\\/medical-solidarity.org\\\/de\\\/\",\"name\":\"Medical Solidarity International\",\"description\":\"\",\"publisher\":{\"@id\":\"https:\\\/\\\/medical-solidarity.org\\\/de\\\/#organization\"},\"potentialAction\":[{\"@type\":\"SearchAction\",\"target\":{\"@type\":\"EntryPoint\",\"urlTemplate\":\"https:\\\/\\\/medical-solidarity.org\\\/de\\\/?s={search_term_string}\"},\"query-input\":{\"@type\":\"PropertyValueSpecification\",\"valueRequired\":true,\"valueName\":\"search_term_string\"}}],\"inLanguage\":\"de\"},{\"@type\":\"Organization\",\"@id\":\"https:\\\/\\\/medical-solidarity.org\\\/de\\\/#organization\",\"name\":\"Medical Solidarity International\",\"url\":\"https:\\\/\\\/medical-solidarity.org\\\/de\\\/\",\"logo\":{\"@type\":\"ImageObject\",\"inLanguage\":\"de\",\"@id\":\"https:\\\/\\\/medical-solidarity.org\\\/de\\\/#\\\/schema\\\/logo\\\/image\\\/\",\"url\":\"https:\\\/\\\/medical-solidarity.org\\\/wp-content\\\/uploads\\\/2025\\\/10\\\/Logo-rot-schwarz.png\",\"contentUrl\":\"https:\\\/\\\/medical-solidarity.org\\\/wp-content\\\/uploads\\\/2025\\\/10\\\/Logo-rot-schwarz.png\",\"width\":1421,\"height\":1500,\"caption\":\"Medical Solidarity International\"},\"image\":{\"@id\":\"https:\\\/\\\/medical-solidarity.org\\\/de\\\/#\\\/schema\\\/logo\\\/image\\\/\"},\"sameAs\":[\"https:\\\/\\\/www.facebook.com\\\/medicalvolunteersinternational\\\/\",\"https:\\\/\\\/x.com\\\/MVI_Greece\",\"https:\\\/\\\/www.instagram.com\\\/mvi_greece\\\/\"]},{\"@type\":\"Person\",\"@id\":\"https:\\\/\\\/medical-solidarity.org\\\/de\\\/#\\\/schema\\\/person\\\/ef6d57283fb6cbec400724f2372ea4af\",\"name\":\"civicrm meyer-martin\",\"url\":\"https:\\\/\\\/medical-solidarity.org\\\/de\\\/author\\\/civicrmmeyer-martin-com\\\/\"}]}<\/script>\n<!-- \/ Yoast SEO plugin. -->","yoast_head_json":{"title":"Interview mit unserem Dolmetscher Nasir &#8212; Medical Solidarity International","description":"Nasir berichtet \u00fcber seine Erlebnisse auf der griechischen Insel Lesbos und den Begegnungen mit den griechischen Einwohnern und Fl\u00fcchtlingen.","robots":{"index":"index","follow":"follow","max-snippet":"max-snippet:-1","max-image-preview":"max-image-preview:large","max-video-preview":"max-video-preview:-1"},"canonical":"https:\/\/medical-solidarity.org\/de\/interview-mit-unserem-dolmetscher-nasir\/","og_locale":"de_DE","og_type":"article","og_title":"Interview mit unserem Dolmetscher Nasir &#8212; Medical Solidarity International","og_description":"Nasir berichtet \u00fcber seine Erlebnisse auf der griechischen Insel Lesbos und den Begegnungen mit den griechischen Einwohnern und Fl\u00fcchtlingen.","og_url":"https:\/\/medical-solidarity.org\/de\/interview-mit-unserem-dolmetscher-nasir\/","og_site_name":"Medical Solidarity International","article_publisher":"https:\/\/www.facebook.com\/medicalvolunteersinternational\/","article_published_time":"2020-12-16T20:16:15+00:00","article_modified_time":"2020-12-16T20:19:40+00:00","og_image":[{"width":940,"height":788,"url":"https:\/\/medical-solidarity.org\/wp-content\/uploads\/2020\/12\/Nasir.jpg","type":"image\/jpeg"}],"author":"civicrm meyer-martin","twitter_card":"summary_large_image","twitter_creator":"@MVI_Greece","twitter_site":"@MVI_Greece","twitter_misc":{"Verfasst von":"civicrm meyer-martin","Gesch\u00e4tzte Lesezeit":"6\u00a0Minuten"},"schema":{"@context":"https:\/\/schema.org","@graph":[{"@type":"Article","@id":"https:\/\/medical-solidarity.org\/de\/interview-mit-unserem-dolmetscher-nasir\/#article","isPartOf":{"@id":"https:\/\/medical-solidarity.org\/de\/interview-mit-unserem-dolmetscher-nasir\/"},"author":{"name":"civicrm meyer-martin","@id":"https:\/\/medical-solidarity.org\/de\/#\/schema\/person\/ef6d57283fb6cbec400724f2372ea4af"},"headline":"Interview mit unserem Dolmetscher Nasir","datePublished":"2020-12-16T20:16:15+00:00","dateModified":"2020-12-16T20:19:40+00:00","mainEntityOfPage":{"@id":"https:\/\/medical-solidarity.org\/de\/interview-mit-unserem-dolmetscher-nasir\/"},"wordCount":1142,"commentCount":0,"publisher":{"@id":"https:\/\/medical-solidarity.org\/de\/#organization"},"image":{"@id":"https:\/\/medical-solidarity.org\/de\/interview-mit-unserem-dolmetscher-nasir\/#primaryimage"},"thumbnailUrl":"https:\/\/medical-solidarity.org\/wp-content\/uploads\/2020\/12\/Nasir.jpg","articleSection":["Interview"],"inLanguage":"de","potentialAction":[{"@type":"CommentAction","name":"Comment","target":["https:\/\/medical-solidarity.org\/de\/interview-mit-unserem-dolmetscher-nasir\/#respond"]}]},{"@type":"WebPage","@id":"https:\/\/medical-solidarity.org\/de\/interview-mit-unserem-dolmetscher-nasir\/","url":"https:\/\/medical-solidarity.org\/de\/interview-mit-unserem-dolmetscher-nasir\/","name":"Interview mit unserem Dolmetscher Nasir &#8212; Medical Solidarity International","isPartOf":{"@id":"https:\/\/medical-solidarity.org\/de\/#website"},"primaryImageOfPage":{"@id":"https:\/\/medical-solidarity.org\/de\/interview-mit-unserem-dolmetscher-nasir\/#primaryimage"},"image":{"@id":"https:\/\/medical-solidarity.org\/de\/interview-mit-unserem-dolmetscher-nasir\/#primaryimage"},"thumbnailUrl":"https:\/\/medical-solidarity.org\/wp-content\/uploads\/2020\/12\/Nasir.jpg","datePublished":"2020-12-16T20:16:15+00:00","dateModified":"2020-12-16T20:19:40+00:00","description":"Nasir berichtet \u00fcber seine Erlebnisse auf der griechischen Insel Lesbos und den Begegnungen mit den griechischen Einwohnern und Fl\u00fcchtlingen.","breadcrumb":{"@id":"https:\/\/medical-solidarity.org\/de\/interview-mit-unserem-dolmetscher-nasir\/#breadcrumb"},"inLanguage":"de","potentialAction":[{"@type":"ReadAction","target":["https:\/\/medical-solidarity.org\/de\/interview-mit-unserem-dolmetscher-nasir\/"]}]},{"@type":"ImageObject","inLanguage":"de","@id":"https:\/\/medical-solidarity.org\/de\/interview-mit-unserem-dolmetscher-nasir\/#primaryimage","url":"https:\/\/medical-solidarity.org\/wp-content\/uploads\/2020\/12\/Nasir.jpg","contentUrl":"https:\/\/medical-solidarity.org\/wp-content\/uploads\/2020\/12\/Nasir.jpg","width":940,"height":788,"caption":"Nasir"},{"@type":"BreadcrumbList","@id":"https:\/\/medical-solidarity.org\/de\/interview-mit-unserem-dolmetscher-nasir\/#breadcrumb","itemListElement":[{"@type":"ListItem","position":1,"name":"Home","item":"https:\/\/medical-solidarity.org\/de\/medical-volunteers-2\/"},{"@type":"ListItem","position":2,"name":"Interview mit unserem Dolmetscher Nasir"}]},{"@type":"WebSite","@id":"https:\/\/medical-solidarity.org\/de\/#website","url":"https:\/\/medical-solidarity.org\/de\/","name":"Medical Solidarity International","description":"","publisher":{"@id":"https:\/\/medical-solidarity.org\/de\/#organization"},"potentialAction":[{"@type":"SearchAction","target":{"@type":"EntryPoint","urlTemplate":"https:\/\/medical-solidarity.org\/de\/?s={search_term_string}"},"query-input":{"@type":"PropertyValueSpecification","valueRequired":true,"valueName":"search_term_string"}}],"inLanguage":"de"},{"@type":"Organization","@id":"https:\/\/medical-solidarity.org\/de\/#organization","name":"Medical Solidarity International","url":"https:\/\/medical-solidarity.org\/de\/","logo":{"@type":"ImageObject","inLanguage":"de","@id":"https:\/\/medical-solidarity.org\/de\/#\/schema\/logo\/image\/","url":"https:\/\/medical-solidarity.org\/wp-content\/uploads\/2025\/10\/Logo-rot-schwarz.png","contentUrl":"https:\/\/medical-solidarity.org\/wp-content\/uploads\/2025\/10\/Logo-rot-schwarz.png","width":1421,"height":1500,"caption":"Medical Solidarity International"},"image":{"@id":"https:\/\/medical-solidarity.org\/de\/#\/schema\/logo\/image\/"},"sameAs":["https:\/\/www.facebook.com\/medicalvolunteersinternational\/","https:\/\/x.com\/MVI_Greece","https:\/\/www.instagram.com\/mvi_greece\/"]},{"@type":"Person","@id":"https:\/\/medical-solidarity.org\/de\/#\/schema\/person\/ef6d57283fb6cbec400724f2372ea4af","name":"civicrm meyer-martin","url":"https:\/\/medical-solidarity.org\/de\/author\/civicrmmeyer-martin-com\/"}]}},"_links":{"self":[{"href":"https:\/\/medical-solidarity.org\/de\/wp-json\/wp\/v2\/posts\/9651","targetHints":{"allow":["GET"]}}],"collection":[{"href":"https:\/\/medical-solidarity.org\/de\/wp-json\/wp\/v2\/posts"}],"about":[{"href":"https:\/\/medical-solidarity.org\/de\/wp-json\/wp\/v2\/types\/post"}],"author":[{"embeddable":true,"href":"https:\/\/medical-solidarity.org\/de\/wp-json\/wp\/v2\/users\/48"}],"replies":[{"embeddable":true,"href":"https:\/\/medical-solidarity.org\/de\/wp-json\/wp\/v2\/comments?post=9651"}],"version-history":[{"count":2,"href":"https:\/\/medical-solidarity.org\/de\/wp-json\/wp\/v2\/posts\/9651\/revisions"}],"predecessor-version":[{"id":9654,"href":"https:\/\/medical-solidarity.org\/de\/wp-json\/wp\/v2\/posts\/9651\/revisions\/9654"}],"wp:featuredmedia":[{"embeddable":true,"href":"https:\/\/medical-solidarity.org\/de\/wp-json\/wp\/v2\/media\/9649"}],"wp:attachment":[{"href":"https:\/\/medical-solidarity.org\/de\/wp-json\/wp\/v2\/media?parent=9651"}],"wp:term":[{"taxonomy":"category","embeddable":true,"href":"https:\/\/medical-solidarity.org\/de\/wp-json\/wp\/v2\/categories?post=9651"},{"taxonomy":"post_tag","embeddable":true,"href":"https:\/\/medical-solidarity.org\/de\/wp-json\/wp\/v2\/tags?post=9651"}],"curies":[{"name":"wp","href":"https:\/\/api.w.org\/{rel}","templated":true}]}}