{"id":9871,"date":"2021-04-05T11:41:07","date_gmt":"2021-04-05T09:41:07","guid":{"rendered":"https:\/\/medical-volunteers.org\/quaranteam-unsere-freiwilligen-berichten-aus-der-quarantaene\/"},"modified":"2023-04-12T10:54:50","modified_gmt":"2023-04-12T08:54:50","slug":"quaranteam-unsere-freiwilligen-berichten-aus-der-quarantaene","status":"publish","type":"post","link":"https:\/\/medical-solidarity.org\/de\/quaranteam-unsere-freiwilligen-berichten-aus-der-quarantaene\/","title":{"rendered":"QUARANTEAM &#8211; Unsere Freiwilligen berichten aus der Quarant\u00e4ne"},"content":{"rendered":"<p>Corona hat vieles auf den Kopf gestellt, auch den Start unserer Freiwilligen vor Ort. Aktuell m\u00fcssen sie sich (noch) in einer unserer Unterk\u00fcnfte in Quarant\u00e4ne begeben, bevor es richtig loslegen kann. In unserer MVI &#8211; QUARANTEAM Edition stellen wir euch Neuank\u00f6mmlinge vor, die aufgrund von Coronama\u00dfnahmen in Quarant\u00e4ne sind oder waren und m\u00f6chten wissen, was und wie sie sich besch\u00e4ftigen. So bekommt ihr einen pers\u00f6nlichen Eindruck \u00fcber die gro\u00dfartigen Menschen, die wir zu unserem Team z\u00e4hlen d\u00fcrfen.<\/p>\n<p>In diesem Interview erfahrt ihr mehr \u00fcber Carl, Paul und Thomas, die unser Team in Athen unterst\u00fctzen werden. Carl ist dabei als Kameramann im Sondereinsatz und wird die Arbeit unseres Teams begleiten. Paul verst\u00e4rkt als Arzt und Thomas als Krankenpfleger die medizinische Betreuung.<\/p>\n<p><b>Was gibt dir im Moment Hoffnung? <\/b><\/p>\n<p><b>Carl:<\/b><span style=\"font-weight: 400;\"> Der Balkon im Apartment ist mein Fenster zur Welt. Ich wei\u00df, in vier Tagen darf ich raus und endlich den Orangensaft im Kiosk gegen\u00fcber trinken, da schaue ich jetzt schon drei Tagen drauf.<\/span><\/p>\n<p><b>Paul:<\/b><span style=\"font-weight: 400;\"> Das heutige Gerichtsurteil in M\u00fcnster. Das gab zwei Asylsuchenden Recht erneut in Deutschland Asylstatus zu beantragen, obwohl diese bereits in Griechenland genehmigt wurde. Das Gericht hat die Situation der Gefl\u00fcchteten in Griechenland, so wie wir auch, als menschenunw\u00fcrdig empfunden.\u00a0<\/span><\/p>\n<p><b>Thomas:\u00a0<\/b><span style=\"font-weight: 400;\">Zu wissen, dass Menschen aus verschiedenen L\u00e4ndern immer noch herkommen, um anderen Menschen unentgeltlich zu helfen, weil sie glauben, dass es wichtig ist.<\/span><\/p>\n<p><b>Was war dein bisher sch\u00f6nstes Erlebnis mit dem MVI Team?\u00a0<\/b><\/p>\n<p><b><\/b><b>Carl:\u00a0<\/b><span style=\"font-weight: 400;\">Es ist mein erstes Mal mit MVI, aber allein die Tatsache, dass sie mir als Filmemacher erlaubt haben mit zu kommen, zeigt ihr gro\u00dfes Herz.\u00a0<\/span><\/p>\n<p><b>Paul:\u00a0<\/b><span style=\"font-weight: 400;\">Miterleben, dass MVI trotz aller Limitierungen und erschwerten Verh\u00e4ltnissen viele Anliegen verschiedenen Patienten l\u00f6sen kann.\u00a0<\/span><\/p>\n<p><b>Thomas:<\/b><span style=\"font-weight: 400;\">\u00a0Patienten in die Krankenh\u00e4user zu begleiten und ihnen zu helfen. Ich habe mich zu etwas gezwungen, von dem ich nie dachte, dass ich dazu f\u00e4hig w\u00e4re. Ich verlasse meine Komfortzone.<\/span><\/p>\n<p><b>Wer ist deine wichtigste Bezugsperson vor Ort?<\/b><\/p>\n<p><b>Carl:<\/b><span style=\"font-weight: 400;\">\u00a0Paula via WhatsApp. Aber nicht-virtuell, Paul und Thomas. Sonst w\u00fcrde ich durchdrehen, glaube ich.\u00a0<\/span><\/p>\n<p><b>Paul:\u00a0<\/b><span style=\"font-weight: 400;\">Gleiche Antwort wie Carl.<\/span><\/p>\n<p><b>Thomas:\u00a0<\/b><span style=\"font-weight: 400;\">Gleiche Antwort wie Paul und Carl.<\/span><\/p>\n<p><b>Wie hat COVID-19 deine Bereitschaft zu helfen ver\u00e4ndert?<\/b><\/p>\n<p><b>Carl:\u00a0<\/b><span style=\"font-weight: 400;\">Ver\u00e4ndert nicht, vergr\u00f6\u00dfert wahrscheinlich. Jetzt mehr denn je, muss die Geschichte erz\u00e4hlt werden.\u00a0\u00a0<\/span><\/p>\n<p><b>Paul:\u00a0<\/b><span style=\"font-weight: 400;\">Mein Wunsch medizinische Hilfe zu leisten, war vor der Pandemie auch schon gro\u00df, aber mir fehlte noch das Fachwissen.<\/span><\/p>\n<p><b>Thomas:\u00a0<\/b><span style=\"font-weight: 400;\">Hat es aber nicht. Und vermutlich ist es jetzt wichtiger denn je.<\/span><\/p>\n<p><b>Welches Hobby oder welche Leidenschaft teilt ihr?<\/b><\/p>\n<p><b>Carl:\u00a0<\/b><span style=\"font-weight: 400;\">Ein Bierchen trinken und \u00fcber Gott und die Welt quatschen.<\/span><\/p>\n<p><b>Paul:\u00a0<\/b><span style=\"font-weight: 400;\">Workout in dem kleinen Raum zwischen Bett und Wand.\u00a0<\/span><\/p>\n<p><b>Thomas:\u00a0<\/b><span style=\"font-weight: 400;\">Kochen.<\/span><\/p>\n<p><b>Macht gemeinsam jeweils drei wahre &#8222;Wir&#8220;-Aussagen. Zum Beispiel: &#8222;Wir sind beide in diesem Raum und f\u00fchlen&#8230;&#8220; oder \u201cWir sind beide der Meinung, dass\u2026\u201d<\/b><\/p>\n<p><b>Carl:\u00a0<\/b><span style=\"font-weight: 400;\">Wir wollen allen, die es ben\u00f6tigen, helfen. Egal auf welcher Art.\u00a0<\/span><\/p>\n<p><b>Paul:\u00a0<\/b><span style=\"font-weight: 400;\">Wir arbeiten lieber mit dem Menschen als mit Computern.<\/span><\/p>\n<p><b>Thomas:\u00a0<\/b><span style=\"font-weight: 400;\">Wir alle genie\u00dfen gerne ein sch\u00f6nes Glas Wein auf dem Balkon.<\/span><\/p>\n<p><b>Mit welcher \u00fcberraschenden Sache hast du dich \/ habt ihr euch in der Quarant\u00e4ne eingedeckt (au\u00dfer Toilettenpapier)?<\/b><\/p>\n<p><b>Carl:\u00a0<\/b><span style=\"font-weight: 400;\">Griechische Oliven.<\/span><\/p>\n<p><b>Paul:\u00a0<\/b><span style=\"font-weight: 400;\">Haribo.<\/span><\/p>\n<p><b>Thomas:\u00a0<\/b><span style=\"font-weight: 400;\">Griechischer Joghurt.<\/span><\/p>\n<p><b>Welche Gemeinsamkeiten oder Hobbys habt ihr entdeckt?<\/b><\/p>\n<p><b>Carl:\u00a0<\/b><span style=\"font-weight: 400;\">Alle lieben meine Kamera.<\/span><\/p>\n<p><b>Paul:\u00a0<\/b><span style=\"font-weight: 400;\">Kochen.<\/span><\/p>\n<p><b>Thomas:\u00a0<\/b><span style=\"font-weight: 400;\">Die Liebe zur Teletriage.<\/span><\/p>\n<p><b>Welches Problem \u2013 entweder Ihres oder ein globales \u2013 w\u00fcrden Sie gerne l\u00f6sen?<\/b><\/p>\n<p><b>Carl:\u00a0<\/b><span style=\"font-weight: 400;\">Der nervige Hund im Flur, der die ganze Nacht bellt.<\/span><\/p>\n<p><b>Paul:\u00a0<\/b><span style=\"font-weight: 400;\">Warte \u2026 gibt es ein Problem?<\/span><\/p>\n<p><b>Thomas:\u00a0<\/b><span style=\"font-weight: 400;\">Das Heizungsproblem in unserer Wohnung.<\/span><\/p>\n<p><b>Welcher Gegenstand begleitet dich durch die Quarant\u00e4ne?<\/b><\/p>\n<p><b>Carl:\u00a0<\/b><span style=\"font-weight: 400;\">Meine Kamera.<\/span><\/p>\n<p><b>Paul:\u00a0<\/b><span style=\"font-weight: 400;\">Meine Musikbox.<\/span><\/p>\n<p><b>Thomas:\u00a0<\/b><span style=\"font-weight: 400;\">Mein Handy.<\/span><span style=\"font-weight: 400;\"><br \/>\n<\/span><span style=\"font-weight: 400;\"><br \/>\n<\/span><b>Welchen Song h\u00f6rst du oder ihr aktuell rauf und runter?<\/b><\/p>\n<p><b>Carl:\u00a0<\/b><span style=\"font-weight: 400;\">Sirtaki \/ Zorba&#8217;s dance (Official Video) \u2013 Ansamblul Dionisos.<\/span><\/p>\n<p><b>Paul:\u00a0<\/b><span style=\"font-weight: 400;\">Udo Juergens &#8211; Griechischer Wein.<\/span><\/p>\n<p><b>Thomas:\u00a0<\/b><span style=\"font-weight: 400;\">1,2, Polizei.<\/span><\/p>\n<p><b>Worauf freust du dich nach dieser Zeit am meisten?<\/b><\/p>\n<p><b><\/b><b><\/b><b>Carl:\u00a0<\/b><span style=\"font-weight: 400;\">Endlich mal etwas anderes filmen als die vier W\u00e4nde des Apartments.<\/span><\/p>\n<p><b>Paul:\u00a0<\/b><span style=\"font-weight: 400;\">In den Aryos Park gehen.<\/span><\/p>\n<p><b>Thomas:\u00a0<\/b><span style=\"font-weight: 400;\">Durch die Stadt spazieren.<\/span><\/p>\n","protected":false},"excerpt":{"rendered":"<p>Corona hat vieles auf den Kopf gestellt, auch den Start unserer Freiwilligen vor Ort. Aktuell m\u00fcssen sie sich (noch) in einer unserer Unterk\u00fcnfte in Quarant\u00e4ne begeben, bevor es richtig loslegen kann. In unserer MVI &#8211; QUARANTEAM Edition stellen wir euch Neuank\u00f6mmlinge vor, die aufgrund von Coronama\u00dfnahmen in Quarant\u00e4ne sind oder waren und m\u00f6chten wissen, was [&hellip;]<\/p>\n","protected":false},"author":48,"featured_media":9868,"comment_status":"open","ping_status":"open","sticky":false,"template":"","format":"standard","meta":{"footnotes":""},"categories":[58],"tags":[],"class_list":["post-9871","post","type-post","status-publish","format-standard","has-post-thumbnail","hentry","category-interview-de"],"yoast_head":"<!-- This site is optimized with the Yoast SEO plugin v27.4 - https:\/\/yoast.com\/product\/yoast-seo-wordpress\/ -->\n<title>QUARANTEAM - Unsere Freiwilligen berichten aus der Quarant\u00e4ne &#8212; Medical Solidarity International<\/title>\n<meta name=\"robots\" content=\"index, follow, max-snippet:-1, max-image-preview:large, max-video-preview:-1\" \/>\n<link rel=\"canonical\" href=\"https:\/\/medical-solidarity.org\/de\/quaranteam-unsere-freiwilligen-berichten-aus-der-quarantaene\/\" \/>\n<meta property=\"og:locale\" content=\"de_DE\" \/>\n<meta property=\"og:type\" content=\"article\" \/>\n<meta property=\"og:title\" content=\"QUARANTEAM - Unsere Freiwilligen berichten aus der Quarant\u00e4ne &#8212; Medical Solidarity International\" \/>\n<meta property=\"og:description\" content=\"Corona hat vieles auf den Kopf gestellt, auch den Start unserer Freiwilligen vor Ort. Aktuell m\u00fcssen sie sich (noch) in einer unserer Unterk\u00fcnfte in Quarant\u00e4ne begeben, bevor es richtig loslegen kann. In unserer MVI &#8211; QUARANTEAM Edition stellen wir euch Neuank\u00f6mmlinge vor, die aufgrund von Coronama\u00dfnahmen in Quarant\u00e4ne sind oder waren und m\u00f6chten wissen, was [&hellip;]\" \/>\n<meta property=\"og:url\" content=\"https:\/\/medical-solidarity.org\/de\/quaranteam-unsere-freiwilligen-berichten-aus-der-quarantaene\/\" \/>\n<meta property=\"og:site_name\" content=\"Medical Solidarity International\" \/>\n<meta property=\"article:publisher\" content=\"https:\/\/www.facebook.com\/medicalvolunteersinternational\/\" \/>\n<meta property=\"article:published_time\" content=\"2021-04-05T09:41:07+00:00\" \/>\n<meta property=\"article:modified_time\" content=\"2023-04-12T08:54:50+00:00\" \/>\n<meta property=\"og:image\" content=\"https:\/\/medical-solidarity.org\/wp-content\/uploads\/2021\/04\/Website_Quaranteam_Interview_Carl_Paul_Thomas-1.jpg\" \/>\n\t<meta property=\"og:image:width\" content=\"1464\" \/>\n\t<meta property=\"og:image:height\" content=\"522\" \/>\n\t<meta property=\"og:image:type\" content=\"image\/jpeg\" \/>\n<meta name=\"author\" content=\"civicrm meyer-martin\" \/>\n<meta name=\"twitter:card\" content=\"summary_large_image\" \/>\n<meta name=\"twitter:creator\" content=\"@MVI_Greece\" \/>\n<meta name=\"twitter:site\" content=\"@MVI_Greece\" \/>\n<meta name=\"twitter:label1\" content=\"Verfasst von\" \/>\n\t<meta name=\"twitter:data1\" content=\"civicrm meyer-martin\" \/>\n\t<meta name=\"twitter:label2\" content=\"Gesch\u00e4tzte Lesezeit\" \/>\n\t<meta name=\"twitter:data2\" content=\"4\u00a0Minuten\" \/>\n<script type=\"application\/ld+json\" class=\"yoast-schema-graph\">{\"@context\":\"https:\\\/\\\/schema.org\",\"@graph\":[{\"@type\":\"Article\",\"@id\":\"https:\\\/\\\/medical-solidarity.org\\\/de\\\/quaranteam-unsere-freiwilligen-berichten-aus-der-quarantaene\\\/#article\",\"isPartOf\":{\"@id\":\"https:\\\/\\\/medical-solidarity.org\\\/de\\\/quaranteam-unsere-freiwilligen-berichten-aus-der-quarantaene\\\/\"},\"author\":{\"name\":\"civicrm meyer-martin\",\"@id\":\"https:\\\/\\\/medical-solidarity.org\\\/de\\\/#\\\/schema\\\/person\\\/ef6d57283fb6cbec400724f2372ea4af\"},\"headline\":\"QUARANTEAM &#8211; Unsere Freiwilligen berichten aus der Quarant\u00e4ne\",\"datePublished\":\"2021-04-05T09:41:07+00:00\",\"dateModified\":\"2023-04-12T08:54:50+00:00\",\"mainEntityOfPage\":{\"@id\":\"https:\\\/\\\/medical-solidarity.org\\\/de\\\/quaranteam-unsere-freiwilligen-berichten-aus-der-quarantaene\\\/\"},\"wordCount\":687,\"commentCount\":1,\"publisher\":{\"@id\":\"https:\\\/\\\/medical-solidarity.org\\\/de\\\/#organization\"},\"image\":{\"@id\":\"https:\\\/\\\/medical-solidarity.org\\\/de\\\/quaranteam-unsere-freiwilligen-berichten-aus-der-quarantaene\\\/#primaryimage\"},\"thumbnailUrl\":\"https:\\\/\\\/medical-solidarity.org\\\/wp-content\\\/uploads\\\/2021\\\/04\\\/Website_Quaranteam_Interview_Carl_Paul_Thomas-1.jpg\",\"articleSection\":[\"Interview\"],\"inLanguage\":\"de\",\"potentialAction\":[{\"@type\":\"CommentAction\",\"name\":\"Comment\",\"target\":[\"https:\\\/\\\/medical-solidarity.org\\\/de\\\/quaranteam-unsere-freiwilligen-berichten-aus-der-quarantaene\\\/#respond\"]}]},{\"@type\":\"WebPage\",\"@id\":\"https:\\\/\\\/medical-solidarity.org\\\/de\\\/quaranteam-unsere-freiwilligen-berichten-aus-der-quarantaene\\\/\",\"url\":\"https:\\\/\\\/medical-solidarity.org\\\/de\\\/quaranteam-unsere-freiwilligen-berichten-aus-der-quarantaene\\\/\",\"name\":\"QUARANTEAM - Unsere Freiwilligen berichten aus der Quarant\u00e4ne &#8212; Medical Solidarity International\",\"isPartOf\":{\"@id\":\"https:\\\/\\\/medical-solidarity.org\\\/de\\\/#website\"},\"primaryImageOfPage\":{\"@id\":\"https:\\\/\\\/medical-solidarity.org\\\/de\\\/quaranteam-unsere-freiwilligen-berichten-aus-der-quarantaene\\\/#primaryimage\"},\"image\":{\"@id\":\"https:\\\/\\\/medical-solidarity.org\\\/de\\\/quaranteam-unsere-freiwilligen-berichten-aus-der-quarantaene\\\/#primaryimage\"},\"thumbnailUrl\":\"https:\\\/\\\/medical-solidarity.org\\\/wp-content\\\/uploads\\\/2021\\\/04\\\/Website_Quaranteam_Interview_Carl_Paul_Thomas-1.jpg\",\"datePublished\":\"2021-04-05T09:41:07+00:00\",\"dateModified\":\"2023-04-12T08:54:50+00:00\",\"breadcrumb\":{\"@id\":\"https:\\\/\\\/medical-solidarity.org\\\/de\\\/quaranteam-unsere-freiwilligen-berichten-aus-der-quarantaene\\\/#breadcrumb\"},\"inLanguage\":\"de\",\"potentialAction\":[{\"@type\":\"ReadAction\",\"target\":[\"https:\\\/\\\/medical-solidarity.org\\\/de\\\/quaranteam-unsere-freiwilligen-berichten-aus-der-quarantaene\\\/\"]}]},{\"@type\":\"ImageObject\",\"inLanguage\":\"de\",\"@id\":\"https:\\\/\\\/medical-solidarity.org\\\/de\\\/quaranteam-unsere-freiwilligen-berichten-aus-der-quarantaene\\\/#primaryimage\",\"url\":\"https:\\\/\\\/medical-solidarity.org\\\/wp-content\\\/uploads\\\/2021\\\/04\\\/Website_Quaranteam_Interview_Carl_Paul_Thomas-1.jpg\",\"contentUrl\":\"https:\\\/\\\/medical-solidarity.org\\\/wp-content\\\/uploads\\\/2021\\\/04\\\/Website_Quaranteam_Interview_Carl_Paul_Thomas-1.jpg\",\"width\":1464,\"height\":522,\"caption\":\"Quaranteam Medical Volunteers\"},{\"@type\":\"BreadcrumbList\",\"@id\":\"https:\\\/\\\/medical-solidarity.org\\\/de\\\/quaranteam-unsere-freiwilligen-berichten-aus-der-quarantaene\\\/#breadcrumb\",\"itemListElement\":[{\"@type\":\"ListItem\",\"position\":1,\"name\":\"Home\",\"item\":\"https:\\\/\\\/medical-solidarity.org\\\/de\\\/medical-volunteers-2\\\/\"},{\"@type\":\"ListItem\",\"position\":2,\"name\":\"QUARANTEAM &#8211; Unsere Freiwilligen berichten aus der Quarant\u00e4ne\"}]},{\"@type\":\"WebSite\",\"@id\":\"https:\\\/\\\/medical-solidarity.org\\\/de\\\/#website\",\"url\":\"https:\\\/\\\/medical-solidarity.org\\\/de\\\/\",\"name\":\"Medical Solidarity International\",\"description\":\"\",\"publisher\":{\"@id\":\"https:\\\/\\\/medical-solidarity.org\\\/de\\\/#organization\"},\"potentialAction\":[{\"@type\":\"SearchAction\",\"target\":{\"@type\":\"EntryPoint\",\"urlTemplate\":\"https:\\\/\\\/medical-solidarity.org\\\/de\\\/?s={search_term_string}\"},\"query-input\":{\"@type\":\"PropertyValueSpecification\",\"valueRequired\":true,\"valueName\":\"search_term_string\"}}],\"inLanguage\":\"de\"},{\"@type\":\"Organization\",\"@id\":\"https:\\\/\\\/medical-solidarity.org\\\/de\\\/#organization\",\"name\":\"Medical Solidarity International\",\"url\":\"https:\\\/\\\/medical-solidarity.org\\\/de\\\/\",\"logo\":{\"@type\":\"ImageObject\",\"inLanguage\":\"de\",\"@id\":\"https:\\\/\\\/medical-solidarity.org\\\/de\\\/#\\\/schema\\\/logo\\\/image\\\/\",\"url\":\"https:\\\/\\\/medical-solidarity.org\\\/wp-content\\\/uploads\\\/2025\\\/10\\\/Logo-rot-schwarz.png\",\"contentUrl\":\"https:\\\/\\\/medical-solidarity.org\\\/wp-content\\\/uploads\\\/2025\\\/10\\\/Logo-rot-schwarz.png\",\"width\":1421,\"height\":1500,\"caption\":\"Medical Solidarity International\"},\"image\":{\"@id\":\"https:\\\/\\\/medical-solidarity.org\\\/de\\\/#\\\/schema\\\/logo\\\/image\\\/\"},\"sameAs\":[\"https:\\\/\\\/www.facebook.com\\\/medicalvolunteersinternational\\\/\",\"https:\\\/\\\/x.com\\\/MVI_Greece\",\"https:\\\/\\\/www.instagram.com\\\/mvi_greece\\\/\"]},{\"@type\":\"Person\",\"@id\":\"https:\\\/\\\/medical-solidarity.org\\\/de\\\/#\\\/schema\\\/person\\\/ef6d57283fb6cbec400724f2372ea4af\",\"name\":\"civicrm meyer-martin\",\"url\":\"https:\\\/\\\/medical-solidarity.org\\\/de\\\/author\\\/civicrmmeyer-martin-com\\\/\"}]}<\/script>\n<!-- \/ Yoast SEO plugin. -->","yoast_head_json":{"title":"QUARANTEAM - Unsere Freiwilligen berichten aus der Quarant\u00e4ne &#8212; Medical Solidarity International","robots":{"index":"index","follow":"follow","max-snippet":"max-snippet:-1","max-image-preview":"max-image-preview:large","max-video-preview":"max-video-preview:-1"},"canonical":"https:\/\/medical-solidarity.org\/de\/quaranteam-unsere-freiwilligen-berichten-aus-der-quarantaene\/","og_locale":"de_DE","og_type":"article","og_title":"QUARANTEAM - Unsere Freiwilligen berichten aus der Quarant\u00e4ne &#8212; Medical Solidarity International","og_description":"Corona hat vieles auf den Kopf gestellt, auch den Start unserer Freiwilligen vor Ort. Aktuell m\u00fcssen sie sich (noch) in einer unserer Unterk\u00fcnfte in Quarant\u00e4ne begeben, bevor es richtig loslegen kann. In unserer MVI &#8211; QUARANTEAM Edition stellen wir euch Neuank\u00f6mmlinge vor, die aufgrund von Coronama\u00dfnahmen in Quarant\u00e4ne sind oder waren und m\u00f6chten wissen, was [&hellip;]","og_url":"https:\/\/medical-solidarity.org\/de\/quaranteam-unsere-freiwilligen-berichten-aus-der-quarantaene\/","og_site_name":"Medical Solidarity International","article_publisher":"https:\/\/www.facebook.com\/medicalvolunteersinternational\/","article_published_time":"2021-04-05T09:41:07+00:00","article_modified_time":"2023-04-12T08:54:50+00:00","og_image":[{"width":1464,"height":522,"url":"https:\/\/medical-solidarity.org\/wp-content\/uploads\/2021\/04\/Website_Quaranteam_Interview_Carl_Paul_Thomas-1.jpg","type":"image\/jpeg"}],"author":"civicrm meyer-martin","twitter_card":"summary_large_image","twitter_creator":"@MVI_Greece","twitter_site":"@MVI_Greece","twitter_misc":{"Verfasst von":"civicrm meyer-martin","Gesch\u00e4tzte Lesezeit":"4\u00a0Minuten"},"schema":{"@context":"https:\/\/schema.org","@graph":[{"@type":"Article","@id":"https:\/\/medical-solidarity.org\/de\/quaranteam-unsere-freiwilligen-berichten-aus-der-quarantaene\/#article","isPartOf":{"@id":"https:\/\/medical-solidarity.org\/de\/quaranteam-unsere-freiwilligen-berichten-aus-der-quarantaene\/"},"author":{"name":"civicrm meyer-martin","@id":"https:\/\/medical-solidarity.org\/de\/#\/schema\/person\/ef6d57283fb6cbec400724f2372ea4af"},"headline":"QUARANTEAM &#8211; Unsere Freiwilligen berichten aus der Quarant\u00e4ne","datePublished":"2021-04-05T09:41:07+00:00","dateModified":"2023-04-12T08:54:50+00:00","mainEntityOfPage":{"@id":"https:\/\/medical-solidarity.org\/de\/quaranteam-unsere-freiwilligen-berichten-aus-der-quarantaene\/"},"wordCount":687,"commentCount":1,"publisher":{"@id":"https:\/\/medical-solidarity.org\/de\/#organization"},"image":{"@id":"https:\/\/medical-solidarity.org\/de\/quaranteam-unsere-freiwilligen-berichten-aus-der-quarantaene\/#primaryimage"},"thumbnailUrl":"https:\/\/medical-solidarity.org\/wp-content\/uploads\/2021\/04\/Website_Quaranteam_Interview_Carl_Paul_Thomas-1.jpg","articleSection":["Interview"],"inLanguage":"de","potentialAction":[{"@type":"CommentAction","name":"Comment","target":["https:\/\/medical-solidarity.org\/de\/quaranteam-unsere-freiwilligen-berichten-aus-der-quarantaene\/#respond"]}]},{"@type":"WebPage","@id":"https:\/\/medical-solidarity.org\/de\/quaranteam-unsere-freiwilligen-berichten-aus-der-quarantaene\/","url":"https:\/\/medical-solidarity.org\/de\/quaranteam-unsere-freiwilligen-berichten-aus-der-quarantaene\/","name":"QUARANTEAM - Unsere Freiwilligen berichten aus der Quarant\u00e4ne &#8212; Medical Solidarity International","isPartOf":{"@id":"https:\/\/medical-solidarity.org\/de\/#website"},"primaryImageOfPage":{"@id":"https:\/\/medical-solidarity.org\/de\/quaranteam-unsere-freiwilligen-berichten-aus-der-quarantaene\/#primaryimage"},"image":{"@id":"https:\/\/medical-solidarity.org\/de\/quaranteam-unsere-freiwilligen-berichten-aus-der-quarantaene\/#primaryimage"},"thumbnailUrl":"https:\/\/medical-solidarity.org\/wp-content\/uploads\/2021\/04\/Website_Quaranteam_Interview_Carl_Paul_Thomas-1.jpg","datePublished":"2021-04-05T09:41:07+00:00","dateModified":"2023-04-12T08:54:50+00:00","breadcrumb":{"@id":"https:\/\/medical-solidarity.org\/de\/quaranteam-unsere-freiwilligen-berichten-aus-der-quarantaene\/#breadcrumb"},"inLanguage":"de","potentialAction":[{"@type":"ReadAction","target":["https:\/\/medical-solidarity.org\/de\/quaranteam-unsere-freiwilligen-berichten-aus-der-quarantaene\/"]}]},{"@type":"ImageObject","inLanguage":"de","@id":"https:\/\/medical-solidarity.org\/de\/quaranteam-unsere-freiwilligen-berichten-aus-der-quarantaene\/#primaryimage","url":"https:\/\/medical-solidarity.org\/wp-content\/uploads\/2021\/04\/Website_Quaranteam_Interview_Carl_Paul_Thomas-1.jpg","contentUrl":"https:\/\/medical-solidarity.org\/wp-content\/uploads\/2021\/04\/Website_Quaranteam_Interview_Carl_Paul_Thomas-1.jpg","width":1464,"height":522,"caption":"Quaranteam Medical Volunteers"},{"@type":"BreadcrumbList","@id":"https:\/\/medical-solidarity.org\/de\/quaranteam-unsere-freiwilligen-berichten-aus-der-quarantaene\/#breadcrumb","itemListElement":[{"@type":"ListItem","position":1,"name":"Home","item":"https:\/\/medical-solidarity.org\/de\/medical-volunteers-2\/"},{"@type":"ListItem","position":2,"name":"QUARANTEAM &#8211; Unsere Freiwilligen berichten aus der Quarant\u00e4ne"}]},{"@type":"WebSite","@id":"https:\/\/medical-solidarity.org\/de\/#website","url":"https:\/\/medical-solidarity.org\/de\/","name":"Medical Solidarity International","description":"","publisher":{"@id":"https:\/\/medical-solidarity.org\/de\/#organization"},"potentialAction":[{"@type":"SearchAction","target":{"@type":"EntryPoint","urlTemplate":"https:\/\/medical-solidarity.org\/de\/?s={search_term_string}"},"query-input":{"@type":"PropertyValueSpecification","valueRequired":true,"valueName":"search_term_string"}}],"inLanguage":"de"},{"@type":"Organization","@id":"https:\/\/medical-solidarity.org\/de\/#organization","name":"Medical Solidarity International","url":"https:\/\/medical-solidarity.org\/de\/","logo":{"@type":"ImageObject","inLanguage":"de","@id":"https:\/\/medical-solidarity.org\/de\/#\/schema\/logo\/image\/","url":"https:\/\/medical-solidarity.org\/wp-content\/uploads\/2025\/10\/Logo-rot-schwarz.png","contentUrl":"https:\/\/medical-solidarity.org\/wp-content\/uploads\/2025\/10\/Logo-rot-schwarz.png","width":1421,"height":1500,"caption":"Medical Solidarity International"},"image":{"@id":"https:\/\/medical-solidarity.org\/de\/#\/schema\/logo\/image\/"},"sameAs":["https:\/\/www.facebook.com\/medicalvolunteersinternational\/","https:\/\/x.com\/MVI_Greece","https:\/\/www.instagram.com\/mvi_greece\/"]},{"@type":"Person","@id":"https:\/\/medical-solidarity.org\/de\/#\/schema\/person\/ef6d57283fb6cbec400724f2372ea4af","name":"civicrm meyer-martin","url":"https:\/\/medical-solidarity.org\/de\/author\/civicrmmeyer-martin-com\/"}]}},"_links":{"self":[{"href":"https:\/\/medical-solidarity.org\/de\/wp-json\/wp\/v2\/posts\/9871","targetHints":{"allow":["GET"]}}],"collection":[{"href":"https:\/\/medical-solidarity.org\/de\/wp-json\/wp\/v2\/posts"}],"about":[{"href":"https:\/\/medical-solidarity.org\/de\/wp-json\/wp\/v2\/types\/post"}],"author":[{"embeddable":true,"href":"https:\/\/medical-solidarity.org\/de\/wp-json\/wp\/v2\/users\/48"}],"replies":[{"embeddable":true,"href":"https:\/\/medical-solidarity.org\/de\/wp-json\/wp\/v2\/comments?post=9871"}],"version-history":[{"count":2,"href":"https:\/\/medical-solidarity.org\/de\/wp-json\/wp\/v2\/posts\/9871\/revisions"}],"predecessor-version":[{"id":9875,"href":"https:\/\/medical-solidarity.org\/de\/wp-json\/wp\/v2\/posts\/9871\/revisions\/9875"}],"wp:featuredmedia":[{"embeddable":true,"href":"https:\/\/medical-solidarity.org\/de\/wp-json\/wp\/v2\/media\/9868"}],"wp:attachment":[{"href":"https:\/\/medical-solidarity.org\/de\/wp-json\/wp\/v2\/media?parent=9871"}],"wp:term":[{"taxonomy":"category","embeddable":true,"href":"https:\/\/medical-solidarity.org\/de\/wp-json\/wp\/v2\/categories?post=9871"},{"taxonomy":"post_tag","embeddable":true,"href":"https:\/\/medical-solidarity.org\/de\/wp-json\/wp\/v2\/tags?post=9871"}],"curies":[{"name":"wp","href":"https:\/\/api.w.org\/{rel}","templated":true}]}}