{"id":9883,"date":"2021-04-08T19:42:39","date_gmt":"2021-04-08T17:42:39","guid":{"rendered":"https:\/\/medical-volunteers.org\/quaranteam-unsere-freiwillige-brigitte-aus-der-quarantaene\/"},"modified":"2021-04-08T19:42:39","modified_gmt":"2021-04-08T17:42:39","slug":"quaranteam-unsere-freiwillige-brigitte-aus-der-quarantaene","status":"publish","type":"post","link":"https:\/\/medical-solidarity.org\/de\/quaranteam-unsere-freiwillige-brigitte-aus-der-quarantaene\/","title":{"rendered":"Quaranteam \u2013 Unsere Freiwillige Brigitte aus der Quarant\u00e4ne"},"content":{"rendered":"<p><span style=\"font-weight: 400;\">Corona hat Vieles auf den Kopf gestellt, auch den Start unserer Freiwilligen vor Ort. Aktuell m\u00fcssen sie sich (noch) in einer unserer Unterk\u00fcnfte in Quarant\u00e4ne begeben, bevor es richtig losgehen kann. In unserer MVI \u2013 QUARANTEAM Edition stellen wir euch Neuank\u00f6mmlinge vor, die aufgrund von Coronama\u00dfnahmen in Quarant\u00e4ne sind oder waren und m\u00f6chten wissen, was und wie sie sich besch\u00e4ftigen. So bekommt ihr einen pers\u00f6nlichen Eindruck \u00fcber die gro\u00dfartigen Menschen, die wir zu unserem Team z\u00e4hlen d\u00fcrfen.<\/span><\/p>\n<p><span style=\"font-weight: 400;\">In diesem Interview erfahrt ihr mehr \u00fcber die Psychologin Brigitte, die unser Children Support Projekt auf Lesbos unterst\u00fctzen wird &#8211; bzw. das auch w\u00e4hrend der Quarant\u00e4ne-Zeit bereits vom \u201chome office\u201d macht.\u00a0<\/span><\/p>\n<p><b>Was gibt dir im Moment Hoffnung?<\/b><\/p>\n<p><span style=\"font-weight: 400;\">Die Erfahrung, dass es hier so viele Menschen gibt, die so engagiert und mit Freude hier hilfreich t\u00e4tig sind, um den Menschen, die hier unter so schrecklichen Bedingungen leben m\u00fcssen, wieder ihre Zuversicht und W\u00fcrde zur\u00fcckzugeben. Und dass ich von vielen lieben Menschen, innerlich so liebevoll begleitet und ermutigt\u00a0werde. In einem Wort: to\u00a0encourage.<\/span><\/p>\n<p><b>Was war dein bisher sch\u00f6nstes Erlebnis mit dem MVI-Team?\u00a0\u00a0<\/b><\/p>\n<p><span style=\"font-weight: 400;\">Ich bin noch nicht lange in dem Team, trotzdem habe ich schon erstaunlich viele sch\u00f6ne Erlebnisse. Unter anderem die sympathische Hilfe von Verena in Hamburg und von Carlotta, meine Psychologin-Kollegin, die mich schon seit 3 Wochen per Zoom, Whats-App und nun in Person so herzlich begleitet und einweist. Die hilfreichen Vorabsprachen mit Carlotta und einem weiteren Kollegen per Zoom sowie die Unterst\u00fctzung von KollegInnen, die auch in Quarant\u00e4ne sind.<\/span><\/p>\n<p><b>Wie hat COVID-19 deinen Blick auf unsere Arbeit ver\u00e4ndert?\u00a0\u00a0<\/b><\/p>\n<p><span style=\"font-weight: 400;\">Die Arbeit hier vor Ort wurde vermutlich schon durch die Pandemie deutlich erschwert. Vor allem f\u00fcr die Menschen im Camp hat sich die Lage ganz bestimmt durch die Ausgangsbeschr\u00e4nkungen und die erschwerten Bedingungen schon noch deutlich verschlechtert. Ich finde es umso erfreulicher und hoffnungsfroh, dass MVI und andere NGOs sich trotz COVID-19 nicht unterkriegen lassen und trotzdem mit aller Kraft hier vor Ort versuchen zu helfen; bei gleichzeitiger Vorsicht und Achtsamkeit.<\/span><\/p>\n<p><span style=\"font-weight: 400;\">Und ganz pers\u00f6nlich, merke ich, dass diese Zeit des \u201eOster-Retreats, wie ich sie nenne (statt Quarant\u00e4ne oder Zwangspause <\/span><span style=\"font-weight: 400;\">?<\/span><span style=\"font-weight: 400;\">), mir auch behilflich ist, hier gut anzukommen und gut mit mir verbunden mich auf die neuen Herausforderungen in Ruhe vorbereiten zu k\u00f6nnen.<\/span><\/p>\n<p><span style=\"font-weight: 400;\">In Bezug auf unsere Arbeit hier vor Ort, k\u00f6nnen wir den Quarant\u00e4nebestimmungen sogar\u00a0 \u201edankbar sein\u201c: Wenn es uns gelingt, w\u00e4hrend der Quarant\u00e4ne \u201eunsere Geschwindigkeit\u201c etwas \u201eherunterzufahren\u201c und wir zur Ruhe kommen, in dieser Zeit neue Energie tanken, dann kann es f\u00fcr unsere nachfolgende Arbeit hier nur hilfreich sein: HelferInnen mit beruhigtem Nervensystem k\u00f6nnen vermutlich in bed\u00e4chtigem Tempo und heilsamer oder einf\u00fchlsamer auf Menschen zugehen, die unter hohem Stress und hoher Anspannung stehen. Und wir selbst haben mehr Spielraum, das Schwere, das uns hier begegnen wird, zu verarbeiten.<\/span><\/p>\n<p><b>Macht gemeinsam jeweils drei wahre &#8222;Wir&#8220;-Aussagen. Zum Beispiel: &#8222;Wir sind beide in diesem Raum und f\u00fchlen&#8230;&#8220; oder \u201cWir sind beider der Meinung dass\u2026\u201d:\u00a0<\/b><\/p>\n<p><span style=\"font-weight: 400;\">Also WIR, mein Zitronenbaum und ich\u00a0 sprechen viel miteinander; (deutsch, ober\u00f6sterreichisch,englisch,griechisch lern ich von ihm\/ihr).\u201c \u201eWir machen die Erfahrung, dass er\/sie mich Vieles lehrt: Er\/sie \u201estupst\u201c mich an, wenn ich zu wenig achtsam bin und er\/sie lehrt mich tiefe Dankbarkeit.\u201c \u201eWir sind beide der Meinung, dass die griechische Sonne uns gut tut\u201c. \u201eUnd ganz im Geheimen glaube ich, dass Zitronenbaum eine SIE ist <\/span><span style=\"font-weight: 400;\">?.<\/span><span style=\"font-weight: 400;\">\u201c<\/span><\/p>\n<p><b>Mit welcher \u00fcberraschenden Sache hast du dich\/habt ihr euch in der Quarant\u00e4ne eingedeckt (kein Toilettenpapier)?\u00a0\u00a0<\/b><\/p>\n<p><span style=\"font-weight: 400;\">Mit Zitronen. Und dass mir \u00f6sterreichische gute Feen was St\u00e4rkendes dazu vor den Gartenzaun gestellt haben, war eine besondere \u00dcberraschung. Und dass der Osterhase auch hier vorbeigekommen ist und mir ein\u00a0Osternesterl versteckt hat &#8211; gef\u00fcllt mit Schokolade und Osterkeksen aus \u00d6sterreich und vielen kleinen \u00dcberraschungen. Der \u00f6sterreichische Osterhase scheint ein Abkommen mit dem griechischen Osterhasen zu haben. ?<\/span><\/p>\n<p><b>Welchen Hobbys oder welcher Leidenschaft kannst du\/k\u00f6nnt ihr gerade nachgehen?<\/b><\/p>\n<p><span style=\"font-weight: 400;\">Tanzen, singen, lesen, meditieren, stricken, schlafen, Yoga, schreiben, Englisch lernen, im Kontakt meiner Family und FreundInnen sein, Musik h\u00f6ren. Und mich zur Vorbereitung mit\u00a0psychologischen\u00a0Themen (traumatisierte Menschen, Kinder, Resilienz,) intensiv auseinanderzusetzen.<\/span><\/p>\n<p><b>Welche Gemeinsamkeiten habt ihr in Quarant\u00e4ne entdeckt?\u00a0\u00a0<\/b><\/p>\n<p><span style=\"font-weight: 400;\">Mein Zitronenbaum und ich sind sehr gerne in der Sonne.\u00a0<\/span><\/p>\n<p><b>Welches Problem w\u00fcrdest du gerne als n\u00e4chstes l\u00f6sen?<\/b><\/p>\n<p><span style=\"font-weight: 400;\">Meine vorbereiteten Powerpoints (f\u00fcr Elterngruppen) in hilfreiche englische Arbeitsmaterialien zu verwandeln;\u00a0 <\/span><span style=\"font-weight: 400;\"><br \/>\n<\/span><span style=\"font-weight: 400;\"><br \/>\n<\/span><b>Welcher Gegenstand begleitet dich durch die Quarant\u00e4ne?<\/b><\/p>\n<p><span style=\"font-weight: 400;\">Mein Schreibheft und eine kleine Trommel, ein Schl\u00fcsselanh\u00e4nger-Gl\u00fccksbringer.<\/span><span style=\"font-weight: 400;\"><br \/>\n<\/span><span style=\"font-weight: 400;\"><br \/>\n<\/span><b>Welchen Song h\u00f6rst du oder ihr aktuell rauf und runter?<\/b><span style=\"font-weight: 400;\">\u00a0\u00a0<\/span><\/p>\n<p><span style=\"font-weight: 400;\">\u201eAbsolute beginners\u201c von David Bowie; wir d\u00fcrfen jederzeit und \u00fcberall neu anfangen. \u201eGabrielas Song\u201c, der davon handelt, dass jeder Mensch stark und frei ist. Ich m\u00f6chte, dass alle Menschen, die hier festgehalten werden, ihre W\u00fcrde und\u00a0Ihre Freiheit zur\u00fcckbekommen und es eine hoffnungsvolle Zukunft gibt, in Freiheit. Oder \u201eMorning has broken\u201c von good old Cat Stevens<\/span><span style=\"font-weight: 400;\"><br \/>\n<\/span><span style=\"font-weight: 400;\"><br \/>\n<\/span><b>Worauf freust du dich nach dieser Zeit am meisten?<\/b><\/p>\n<p><span style=\"font-weight: 400;\">Alle KollegInnen pers\u00f6nlich kennenzulernen und gemeinsam zu arbeiten.<\/span><\/p>\n","protected":false},"excerpt":{"rendered":"<p>Corona hat Vieles auf den Kopf gestellt, auch den Start unserer Freiwilligen vor Ort. Aktuell m\u00fcssen sie sich (noch) in einer unserer Unterk\u00fcnfte in Quarant\u00e4ne begeben, bevor es richtig losgehen kann. In unserer MVI \u2013 QUARANTEAM Edition stellen wir euch Neuank\u00f6mmlinge vor, die aufgrund von Coronama\u00dfnahmen in Quarant\u00e4ne sind oder waren und m\u00f6chten wissen, was [&hellip;]<\/p>\n","protected":false},"author":48,"featured_media":9880,"comment_status":"open","ping_status":"open","sticky":false,"template":"","format":"standard","meta":{"footnotes":""},"categories":[58],"tags":[],"class_list":["post-9883","post","type-post","status-publish","format-standard","has-post-thumbnail","hentry","category-interview-de"],"yoast_head":"<!-- This site is optimized with the Yoast SEO plugin v27.4 - https:\/\/yoast.com\/product\/yoast-seo-wordpress\/ -->\n<title>Quaranteam \u2013 Unsere Freiwillige Brigitte aus der Quarant\u00e4ne &#8212; Medical Solidarity International<\/title>\n<meta name=\"robots\" content=\"index, follow, max-snippet:-1, max-image-preview:large, max-video-preview:-1\" \/>\n<link rel=\"canonical\" href=\"https:\/\/medical-solidarity.org\/de\/quaranteam-unsere-freiwillige-brigitte-aus-der-quarantaene\/\" \/>\n<meta property=\"og:locale\" content=\"de_DE\" \/>\n<meta property=\"og:type\" content=\"article\" \/>\n<meta property=\"og:title\" content=\"Quaranteam \u2013 Unsere Freiwillige Brigitte aus der Quarant\u00e4ne &#8212; Medical Solidarity International\" \/>\n<meta property=\"og:description\" content=\"Corona hat Vieles auf den Kopf gestellt, auch den Start unserer Freiwilligen vor Ort. Aktuell m\u00fcssen sie sich (noch) in einer unserer Unterk\u00fcnfte in Quarant\u00e4ne begeben, bevor es richtig losgehen kann. In unserer MVI \u2013 QUARANTEAM Edition stellen wir euch Neuank\u00f6mmlinge vor, die aufgrund von Coronama\u00dfnahmen in Quarant\u00e4ne sind oder waren und m\u00f6chten wissen, was [&hellip;]\" \/>\n<meta property=\"og:url\" content=\"https:\/\/medical-solidarity.org\/de\/quaranteam-unsere-freiwillige-brigitte-aus-der-quarantaene\/\" \/>\n<meta property=\"og:site_name\" content=\"Medical Solidarity International\" \/>\n<meta property=\"article:publisher\" content=\"https:\/\/www.facebook.com\/medicalvolunteersinternational\/\" \/>\n<meta property=\"article:published_time\" content=\"2021-04-08T17:42:39+00:00\" \/>\n<meta property=\"og:image\" content=\"https:\/\/medical-solidarity.org\/wp-content\/uploads\/2021\/04\/easter_brigitte.jpg\" \/>\n\t<meta property=\"og:image:width\" content=\"787\" \/>\n\t<meta property=\"og:image:height\" content=\"276\" \/>\n\t<meta property=\"og:image:type\" content=\"image\/jpeg\" \/>\n<meta name=\"author\" content=\"civicrm meyer-martin\" \/>\n<meta name=\"twitter:card\" content=\"summary_large_image\" \/>\n<meta name=\"twitter:creator\" content=\"@MVI_Greece\" \/>\n<meta name=\"twitter:site\" content=\"@MVI_Greece\" \/>\n<meta name=\"twitter:label1\" content=\"Verfasst von\" \/>\n\t<meta name=\"twitter:data1\" content=\"civicrm meyer-martin\" \/>\n\t<meta name=\"twitter:label2\" content=\"Gesch\u00e4tzte Lesezeit\" \/>\n\t<meta name=\"twitter:data2\" content=\"4\u00a0Minuten\" \/>\n<script type=\"application\/ld+json\" class=\"yoast-schema-graph\">{\"@context\":\"https:\\\/\\\/schema.org\",\"@graph\":[{\"@type\":\"Article\",\"@id\":\"https:\\\/\\\/medical-solidarity.org\\\/de\\\/quaranteam-unsere-freiwillige-brigitte-aus-der-quarantaene\\\/#article\",\"isPartOf\":{\"@id\":\"https:\\\/\\\/medical-solidarity.org\\\/de\\\/quaranteam-unsere-freiwillige-brigitte-aus-der-quarantaene\\\/\"},\"author\":{\"name\":\"civicrm meyer-martin\",\"@id\":\"https:\\\/\\\/medical-solidarity.org\\\/de\\\/#\\\/schema\\\/person\\\/ef6d57283fb6cbec400724f2372ea4af\"},\"headline\":\"Quaranteam \u2013 Unsere Freiwillige Brigitte aus der Quarant\u00e4ne\",\"datePublished\":\"2021-04-08T17:42:39+00:00\",\"mainEntityOfPage\":{\"@id\":\"https:\\\/\\\/medical-solidarity.org\\\/de\\\/quaranteam-unsere-freiwillige-brigitte-aus-der-quarantaene\\\/\"},\"wordCount\":863,\"commentCount\":1,\"publisher\":{\"@id\":\"https:\\\/\\\/medical-solidarity.org\\\/de\\\/#organization\"},\"image\":{\"@id\":\"https:\\\/\\\/medical-solidarity.org\\\/de\\\/quaranteam-unsere-freiwillige-brigitte-aus-der-quarantaene\\\/#primaryimage\"},\"thumbnailUrl\":\"https:\\\/\\\/medical-solidarity.org\\\/wp-content\\\/uploads\\\/2021\\\/04\\\/easter_brigitte.jpg\",\"articleSection\":[\"Interview\"],\"inLanguage\":\"de\",\"potentialAction\":[{\"@type\":\"CommentAction\",\"name\":\"Comment\",\"target\":[\"https:\\\/\\\/medical-solidarity.org\\\/de\\\/quaranteam-unsere-freiwillige-brigitte-aus-der-quarantaene\\\/#respond\"]}]},{\"@type\":\"WebPage\",\"@id\":\"https:\\\/\\\/medical-solidarity.org\\\/de\\\/quaranteam-unsere-freiwillige-brigitte-aus-der-quarantaene\\\/\",\"url\":\"https:\\\/\\\/medical-solidarity.org\\\/de\\\/quaranteam-unsere-freiwillige-brigitte-aus-der-quarantaene\\\/\",\"name\":\"Quaranteam \u2013 Unsere Freiwillige Brigitte aus der Quarant\u00e4ne &#8212; Medical Solidarity International\",\"isPartOf\":{\"@id\":\"https:\\\/\\\/medical-solidarity.org\\\/de\\\/#website\"},\"primaryImageOfPage\":{\"@id\":\"https:\\\/\\\/medical-solidarity.org\\\/de\\\/quaranteam-unsere-freiwillige-brigitte-aus-der-quarantaene\\\/#primaryimage\"},\"image\":{\"@id\":\"https:\\\/\\\/medical-solidarity.org\\\/de\\\/quaranteam-unsere-freiwillige-brigitte-aus-der-quarantaene\\\/#primaryimage\"},\"thumbnailUrl\":\"https:\\\/\\\/medical-solidarity.org\\\/wp-content\\\/uploads\\\/2021\\\/04\\\/easter_brigitte.jpg\",\"datePublished\":\"2021-04-08T17:42:39+00:00\",\"breadcrumb\":{\"@id\":\"https:\\\/\\\/medical-solidarity.org\\\/de\\\/quaranteam-unsere-freiwillige-brigitte-aus-der-quarantaene\\\/#breadcrumb\"},\"inLanguage\":\"de\",\"potentialAction\":[{\"@type\":\"ReadAction\",\"target\":[\"https:\\\/\\\/medical-solidarity.org\\\/de\\\/quaranteam-unsere-freiwillige-brigitte-aus-der-quarantaene\\\/\"]}]},{\"@type\":\"ImageObject\",\"inLanguage\":\"de\",\"@id\":\"https:\\\/\\\/medical-solidarity.org\\\/de\\\/quaranteam-unsere-freiwillige-brigitte-aus-der-quarantaene\\\/#primaryimage\",\"url\":\"https:\\\/\\\/medical-solidarity.org\\\/wp-content\\\/uploads\\\/2021\\\/04\\\/easter_brigitte.jpg\",\"contentUrl\":\"https:\\\/\\\/medical-solidarity.org\\\/wp-content\\\/uploads\\\/2021\\\/04\\\/easter_brigitte.jpg\",\"width\":787,\"height\":276},{\"@type\":\"BreadcrumbList\",\"@id\":\"https:\\\/\\\/medical-solidarity.org\\\/de\\\/quaranteam-unsere-freiwillige-brigitte-aus-der-quarantaene\\\/#breadcrumb\",\"itemListElement\":[{\"@type\":\"ListItem\",\"position\":1,\"name\":\"Home\",\"item\":\"https:\\\/\\\/medical-solidarity.org\\\/de\\\/medical-volunteers-2\\\/\"},{\"@type\":\"ListItem\",\"position\":2,\"name\":\"Quaranteam \u2013 Unsere Freiwillige Brigitte aus der Quarant\u00e4ne\"}]},{\"@type\":\"WebSite\",\"@id\":\"https:\\\/\\\/medical-solidarity.org\\\/de\\\/#website\",\"url\":\"https:\\\/\\\/medical-solidarity.org\\\/de\\\/\",\"name\":\"Medical Solidarity International\",\"description\":\"\",\"publisher\":{\"@id\":\"https:\\\/\\\/medical-solidarity.org\\\/de\\\/#organization\"},\"potentialAction\":[{\"@type\":\"SearchAction\",\"target\":{\"@type\":\"EntryPoint\",\"urlTemplate\":\"https:\\\/\\\/medical-solidarity.org\\\/de\\\/?s={search_term_string}\"},\"query-input\":{\"@type\":\"PropertyValueSpecification\",\"valueRequired\":true,\"valueName\":\"search_term_string\"}}],\"inLanguage\":\"de\"},{\"@type\":\"Organization\",\"@id\":\"https:\\\/\\\/medical-solidarity.org\\\/de\\\/#organization\",\"name\":\"Medical Solidarity International\",\"url\":\"https:\\\/\\\/medical-solidarity.org\\\/de\\\/\",\"logo\":{\"@type\":\"ImageObject\",\"inLanguage\":\"de\",\"@id\":\"https:\\\/\\\/medical-solidarity.org\\\/de\\\/#\\\/schema\\\/logo\\\/image\\\/\",\"url\":\"https:\\\/\\\/medical-solidarity.org\\\/wp-content\\\/uploads\\\/2025\\\/10\\\/Logo-rot-schwarz.png\",\"contentUrl\":\"https:\\\/\\\/medical-solidarity.org\\\/wp-content\\\/uploads\\\/2025\\\/10\\\/Logo-rot-schwarz.png\",\"width\":1421,\"height\":1500,\"caption\":\"Medical Solidarity International\"},\"image\":{\"@id\":\"https:\\\/\\\/medical-solidarity.org\\\/de\\\/#\\\/schema\\\/logo\\\/image\\\/\"},\"sameAs\":[\"https:\\\/\\\/www.facebook.com\\\/medicalvolunteersinternational\\\/\",\"https:\\\/\\\/x.com\\\/MVI_Greece\",\"https:\\\/\\\/www.instagram.com\\\/mvi_greece\\\/\"]},{\"@type\":\"Person\",\"@id\":\"https:\\\/\\\/medical-solidarity.org\\\/de\\\/#\\\/schema\\\/person\\\/ef6d57283fb6cbec400724f2372ea4af\",\"name\":\"civicrm meyer-martin\",\"url\":\"https:\\\/\\\/medical-solidarity.org\\\/de\\\/author\\\/civicrmmeyer-martin-com\\\/\"}]}<\/script>\n<!-- \/ Yoast SEO plugin. -->","yoast_head_json":{"title":"Quaranteam \u2013 Unsere Freiwillige Brigitte aus der Quarant\u00e4ne &#8212; Medical Solidarity International","robots":{"index":"index","follow":"follow","max-snippet":"max-snippet:-1","max-image-preview":"max-image-preview:large","max-video-preview":"max-video-preview:-1"},"canonical":"https:\/\/medical-solidarity.org\/de\/quaranteam-unsere-freiwillige-brigitte-aus-der-quarantaene\/","og_locale":"de_DE","og_type":"article","og_title":"Quaranteam \u2013 Unsere Freiwillige Brigitte aus der Quarant\u00e4ne &#8212; Medical Solidarity International","og_description":"Corona hat Vieles auf den Kopf gestellt, auch den Start unserer Freiwilligen vor Ort. Aktuell m\u00fcssen sie sich (noch) in einer unserer Unterk\u00fcnfte in Quarant\u00e4ne begeben, bevor es richtig losgehen kann. In unserer MVI \u2013 QUARANTEAM Edition stellen wir euch Neuank\u00f6mmlinge vor, die aufgrund von Coronama\u00dfnahmen in Quarant\u00e4ne sind oder waren und m\u00f6chten wissen, was [&hellip;]","og_url":"https:\/\/medical-solidarity.org\/de\/quaranteam-unsere-freiwillige-brigitte-aus-der-quarantaene\/","og_site_name":"Medical Solidarity International","article_publisher":"https:\/\/www.facebook.com\/medicalvolunteersinternational\/","article_published_time":"2021-04-08T17:42:39+00:00","og_image":[{"width":787,"height":276,"url":"https:\/\/medical-solidarity.org\/wp-content\/uploads\/2021\/04\/easter_brigitte.jpg","type":"image\/jpeg"}],"author":"civicrm meyer-martin","twitter_card":"summary_large_image","twitter_creator":"@MVI_Greece","twitter_site":"@MVI_Greece","twitter_misc":{"Verfasst von":"civicrm meyer-martin","Gesch\u00e4tzte Lesezeit":"4\u00a0Minuten"},"schema":{"@context":"https:\/\/schema.org","@graph":[{"@type":"Article","@id":"https:\/\/medical-solidarity.org\/de\/quaranteam-unsere-freiwillige-brigitte-aus-der-quarantaene\/#article","isPartOf":{"@id":"https:\/\/medical-solidarity.org\/de\/quaranteam-unsere-freiwillige-brigitte-aus-der-quarantaene\/"},"author":{"name":"civicrm meyer-martin","@id":"https:\/\/medical-solidarity.org\/de\/#\/schema\/person\/ef6d57283fb6cbec400724f2372ea4af"},"headline":"Quaranteam \u2013 Unsere Freiwillige Brigitte aus der Quarant\u00e4ne","datePublished":"2021-04-08T17:42:39+00:00","mainEntityOfPage":{"@id":"https:\/\/medical-solidarity.org\/de\/quaranteam-unsere-freiwillige-brigitte-aus-der-quarantaene\/"},"wordCount":863,"commentCount":1,"publisher":{"@id":"https:\/\/medical-solidarity.org\/de\/#organization"},"image":{"@id":"https:\/\/medical-solidarity.org\/de\/quaranteam-unsere-freiwillige-brigitte-aus-der-quarantaene\/#primaryimage"},"thumbnailUrl":"https:\/\/medical-solidarity.org\/wp-content\/uploads\/2021\/04\/easter_brigitte.jpg","articleSection":["Interview"],"inLanguage":"de","potentialAction":[{"@type":"CommentAction","name":"Comment","target":["https:\/\/medical-solidarity.org\/de\/quaranteam-unsere-freiwillige-brigitte-aus-der-quarantaene\/#respond"]}]},{"@type":"WebPage","@id":"https:\/\/medical-solidarity.org\/de\/quaranteam-unsere-freiwillige-brigitte-aus-der-quarantaene\/","url":"https:\/\/medical-solidarity.org\/de\/quaranteam-unsere-freiwillige-brigitte-aus-der-quarantaene\/","name":"Quaranteam \u2013 Unsere Freiwillige Brigitte aus der Quarant\u00e4ne &#8212; Medical Solidarity International","isPartOf":{"@id":"https:\/\/medical-solidarity.org\/de\/#website"},"primaryImageOfPage":{"@id":"https:\/\/medical-solidarity.org\/de\/quaranteam-unsere-freiwillige-brigitte-aus-der-quarantaene\/#primaryimage"},"image":{"@id":"https:\/\/medical-solidarity.org\/de\/quaranteam-unsere-freiwillige-brigitte-aus-der-quarantaene\/#primaryimage"},"thumbnailUrl":"https:\/\/medical-solidarity.org\/wp-content\/uploads\/2021\/04\/easter_brigitte.jpg","datePublished":"2021-04-08T17:42:39+00:00","breadcrumb":{"@id":"https:\/\/medical-solidarity.org\/de\/quaranteam-unsere-freiwillige-brigitte-aus-der-quarantaene\/#breadcrumb"},"inLanguage":"de","potentialAction":[{"@type":"ReadAction","target":["https:\/\/medical-solidarity.org\/de\/quaranteam-unsere-freiwillige-brigitte-aus-der-quarantaene\/"]}]},{"@type":"ImageObject","inLanguage":"de","@id":"https:\/\/medical-solidarity.org\/de\/quaranteam-unsere-freiwillige-brigitte-aus-der-quarantaene\/#primaryimage","url":"https:\/\/medical-solidarity.org\/wp-content\/uploads\/2021\/04\/easter_brigitte.jpg","contentUrl":"https:\/\/medical-solidarity.org\/wp-content\/uploads\/2021\/04\/easter_brigitte.jpg","width":787,"height":276},{"@type":"BreadcrumbList","@id":"https:\/\/medical-solidarity.org\/de\/quaranteam-unsere-freiwillige-brigitte-aus-der-quarantaene\/#breadcrumb","itemListElement":[{"@type":"ListItem","position":1,"name":"Home","item":"https:\/\/medical-solidarity.org\/de\/medical-volunteers-2\/"},{"@type":"ListItem","position":2,"name":"Quaranteam \u2013 Unsere Freiwillige Brigitte aus der Quarant\u00e4ne"}]},{"@type":"WebSite","@id":"https:\/\/medical-solidarity.org\/de\/#website","url":"https:\/\/medical-solidarity.org\/de\/","name":"Medical Solidarity International","description":"","publisher":{"@id":"https:\/\/medical-solidarity.org\/de\/#organization"},"potentialAction":[{"@type":"SearchAction","target":{"@type":"EntryPoint","urlTemplate":"https:\/\/medical-solidarity.org\/de\/?s={search_term_string}"},"query-input":{"@type":"PropertyValueSpecification","valueRequired":true,"valueName":"search_term_string"}}],"inLanguage":"de"},{"@type":"Organization","@id":"https:\/\/medical-solidarity.org\/de\/#organization","name":"Medical Solidarity International","url":"https:\/\/medical-solidarity.org\/de\/","logo":{"@type":"ImageObject","inLanguage":"de","@id":"https:\/\/medical-solidarity.org\/de\/#\/schema\/logo\/image\/","url":"https:\/\/medical-solidarity.org\/wp-content\/uploads\/2025\/10\/Logo-rot-schwarz.png","contentUrl":"https:\/\/medical-solidarity.org\/wp-content\/uploads\/2025\/10\/Logo-rot-schwarz.png","width":1421,"height":1500,"caption":"Medical Solidarity International"},"image":{"@id":"https:\/\/medical-solidarity.org\/de\/#\/schema\/logo\/image\/"},"sameAs":["https:\/\/www.facebook.com\/medicalvolunteersinternational\/","https:\/\/x.com\/MVI_Greece","https:\/\/www.instagram.com\/mvi_greece\/"]},{"@type":"Person","@id":"https:\/\/medical-solidarity.org\/de\/#\/schema\/person\/ef6d57283fb6cbec400724f2372ea4af","name":"civicrm meyer-martin","url":"https:\/\/medical-solidarity.org\/de\/author\/civicrmmeyer-martin-com\/"}]}},"_links":{"self":[{"href":"https:\/\/medical-solidarity.org\/de\/wp-json\/wp\/v2\/posts\/9883","targetHints":{"allow":["GET"]}}],"collection":[{"href":"https:\/\/medical-solidarity.org\/de\/wp-json\/wp\/v2\/posts"}],"about":[{"href":"https:\/\/medical-solidarity.org\/de\/wp-json\/wp\/v2\/types\/post"}],"author":[{"embeddable":true,"href":"https:\/\/medical-solidarity.org\/de\/wp-json\/wp\/v2\/users\/48"}],"replies":[{"embeddable":true,"href":"https:\/\/medical-solidarity.org\/de\/wp-json\/wp\/v2\/comments?post=9883"}],"version-history":[{"count":0,"href":"https:\/\/medical-solidarity.org\/de\/wp-json\/wp\/v2\/posts\/9883\/revisions"}],"wp:featuredmedia":[{"embeddable":true,"href":"https:\/\/medical-solidarity.org\/de\/wp-json\/wp\/v2\/media\/9880"}],"wp:attachment":[{"href":"https:\/\/medical-solidarity.org\/de\/wp-json\/wp\/v2\/media?parent=9883"}],"wp:term":[{"taxonomy":"category","embeddable":true,"href":"https:\/\/medical-solidarity.org\/de\/wp-json\/wp\/v2\/categories?post=9883"},{"taxonomy":"post_tag","embeddable":true,"href":"https:\/\/medical-solidarity.org\/de\/wp-json\/wp\/v2\/tags?post=9883"}],"curies":[{"name":"wp","href":"https:\/\/api.w.org\/{rel}","templated":true}]}}