{"id":9966,"date":"2021-05-20T20:57:16","date_gmt":"2021-05-20T18:57:16","guid":{"rendered":"https:\/\/medical-volunteers.org\/quaranteam-unsere-freiwillige-fabienne-aus-der-quarantaene\/"},"modified":"2021-05-20T20:57:16","modified_gmt":"2021-05-20T18:57:16","slug":"quaranteam-unsere-freiwillige-fabienne-aus-der-quarantaene","status":"publish","type":"post","link":"https:\/\/medical-solidarity.org\/de\/quaranteam-unsere-freiwillige-fabienne-aus-der-quarantaene\/","title":{"rendered":"Quaranteam \u2013 Unsere Freiwillige Fabienne aus der Quarant\u00e4ne"},"content":{"rendered":"<p>Corona hat viele Dinge auf den Kopf gestellt, auch den Start unserer Freiwilligen vor Ort. Sie mussten bis vor Kurzem noch in einer unserer Unterk\u00fcnfte in Quarant\u00e4ne gehen, bevor es richtig losgehen konnte. In unserer MVI QUARANTEAM Ausgabe stellen wir Neuank\u00f6mmlinge vor, die aufgrund der Corona-Ma\u00dfnahmen in Quarant\u00e4ne sind oder waren und wollen wissen, was und wie sie sich besch\u00e4ftigen. So bekommen Sie einen pers\u00f6nlichen Eindruck von den tollen Menschen, die wir zu unserem Team z\u00e4hlen d\u00fcrfen.<\/p>\n<p>In diesem Interview erfahren Sie mehr \u00fcber die Fabienne, die unser Team als medizinische Koordinatorin in Athen unterst\u00fctzt.<\/p>\n<p><b>Was gibt dir im Moment Hoffnung?\u00a0\u00a0<\/b><\/p>\n<p><span style=\"font-weight: 400;\">Da ich bereits vor kurzer Zeit als Freiwillige vor Ort war, freue ich mich schon sehr darauf das Team wieder zu sehen.<\/span><\/p>\n<p><span style=\"font-weight: 400;\">W\u00e4hrend meiner Zeit als Freiwillige hatte ich einen guten Einblick in die Arbeit von MVI. Auch wenn mir bewusst ist, dass sich die allgemeine Situation f\u00fcr Menschen auf der Flucht in Europa in n\u00e4chster Zeit nicht verbessern wird, habe ich gesehen, wie wir als einzelne Individuen helfen. Selbst wenn wir nur einen kleinen Dienst leisten, ist es doch wichtig, dass jemand f\u00fcr diese Menschen da ist und dass sie eine Anlaufstelle haben.<\/span><\/p>\n<p><span style=\"font-weight: 400;\">Ich bin nun sehr gespannt was ich alles als Koordinatorin sehen und lernen werde.<\/span><\/p>\n<p><b>Was war dein bisher sch\u00f6nstes Erlebnis mit dem MVI-Team?\u00a0<\/b><\/p>\n<p><span style=\"font-weight: 400;\">Ich hatte gef\u00fchlt jeden Tag mindestens ein sch\u00f6nes Erlebnis mit dem MVI-Team. Wie soll ich da ein Erlebnis herauspicken? <\/span><span style=\"font-weight: 400;\">\ud83d\ude09<\/span><\/p>\n<p><b>Wer sind deine wichtigsten Bezugspersonen vor Ort?<\/b><\/p>\n<p><span style=\"font-weight: 400;\">Eindeutig Paula, die Projektkoordinatorin in Athen. Sie hat immer ein offenes Ohr wenn man es braucht. Aber genauso unsere \u00dcbersetzerInnen Saeed, Fereshteh und Abdulkader sind mir sehr ans Herz gewachsen.<\/span><\/p>\n<p><b>Wie hat COVID-19 deinen Blick auf unsere Arbeit ver\u00e4ndert?<\/b><\/p>\n<p><span style=\"font-weight: 400;\">Durch COVID-19 hat sich die Situation f\u00fcr Menschen auf der Flucht deutlich erschwert. Umso wichtiger ist nun unsere Arbeit. Es ist sch\u00f6n zu sehen, dass es trotz der Reiseschwierigkeiten immer noch so viele motivierte Personen gibt, die willig sind dieses Projekt zu unterst\u00fctzen.<\/span><\/p>\n<p><b>Mit welcher \u00fcberraschendem Sache hast du dich\/habt ihr euch in der Quarant\u00e4ne eingedeckt (kein Toilettenpapier)?<\/b><\/p>\n<p><span style=\"font-weight: 400;\">Meine Yogamatte. Da ich nicht aus der Wohnung darf, ist es f\u00fcr mich wichtig wenigstens ein paar Kraft\u00fcbungen oder Yoga machen zu k\u00f6nnen.<\/span><\/p>\n<p><b>Welchen Hobbys oder welcher Leidenschaft kannst du\/k\u00f6nnt ihr gerade nachgehen?<\/b><\/p>\n<p><span style=\"font-weight: 400;\">Mit der Triage bin ich doch sehr gut besch\u00e4ftigt aber es ist auch sch\u00f6n wenn ich mir wieder richtig viel Zeit zum Lesen nehmen kann.<\/span><\/p>\n<p><b>Welcher Gegenstand begleitet dich durch die Quarant\u00e4ne?<\/b><b><br \/>\n<\/b><span style=\"font-weight: 400;\">Mein Laptop<\/span><\/p>\n<p><b>Welchen Song h\u00f6rst du oder ihr aktuell rauf und runter?<\/b><b><br \/>\n<\/b><span style=\"font-weight: 400;\">Behet Ghol Midam from Mohsen Yeganeh<\/span><\/p>\n<p><b>Worauf freust du dich nach dieser Zeit am meisten?<\/b><\/p>\n<p><span style=\"font-weight: 400;\">Das Team kennen zu lernen und Paula wieder zu sehen.<\/span><\/p>\n","protected":false},"excerpt":{"rendered":"<p>Corona hat viele Dinge auf den Kopf gestellt, auch den Start unserer Freiwilligen vor Ort. Sie mussten bis vor Kurzem noch in einer unserer Unterk\u00fcnfte in Quarant\u00e4ne gehen, bevor es richtig losgehen konnte. In unserer MVI QUARANTEAM Ausgabe stellen wir Neuank\u00f6mmlinge vor, die aufgrund der Corona-Ma\u00dfnahmen in Quarant\u00e4ne sind oder waren und wollen wissen, was [&hellip;]<\/p>\n","protected":false},"author":48,"featured_media":9963,"comment_status":"open","ping_status":"open","sticky":false,"template":"","format":"standard","meta":{"footnotes":""},"categories":[58],"tags":[],"class_list":["post-9966","post","type-post","status-publish","format-standard","has-post-thumbnail","hentry","category-interview-de"],"yoast_head":"<!-- This site is optimized with the Yoast SEO plugin v27.4 - https:\/\/yoast.com\/product\/yoast-seo-wordpress\/ -->\n<title>Quaranteam \u2013 Unsere Freiwillige Fabienne aus der Quarant\u00e4ne &#8212; Medical Solidarity International<\/title>\n<meta name=\"robots\" content=\"index, follow, max-snippet:-1, max-image-preview:large, max-video-preview:-1\" \/>\n<link rel=\"canonical\" href=\"https:\/\/medical-solidarity.org\/de\/quaranteam-unsere-freiwillige-fabienne-aus-der-quarantaene\/\" \/>\n<meta property=\"og:locale\" content=\"de_DE\" \/>\n<meta property=\"og:type\" content=\"article\" \/>\n<meta property=\"og:title\" content=\"Quaranteam \u2013 Unsere Freiwillige Fabienne aus der Quarant\u00e4ne &#8212; Medical Solidarity International\" \/>\n<meta property=\"og:description\" content=\"Corona hat viele Dinge auf den Kopf gestellt, auch den Start unserer Freiwilligen vor Ort. Sie mussten bis vor Kurzem noch in einer unserer Unterk\u00fcnfte in Quarant\u00e4ne gehen, bevor es richtig losgehen konnte. In unserer MVI QUARANTEAM Ausgabe stellen wir Neuank\u00f6mmlinge vor, die aufgrund der Corona-Ma\u00dfnahmen in Quarant\u00e4ne sind oder waren und wollen wissen, was [&hellip;]\" \/>\n<meta property=\"og:url\" content=\"https:\/\/medical-solidarity.org\/de\/quaranteam-unsere-freiwillige-fabienne-aus-der-quarantaene\/\" \/>\n<meta property=\"og:site_name\" content=\"Medical Solidarity International\" \/>\n<meta property=\"article:publisher\" content=\"https:\/\/www.facebook.com\/medicalvolunteersinternational\/\" \/>\n<meta property=\"article:published_time\" content=\"2021-05-20T18:57:16+00:00\" \/>\n<meta property=\"og:image\" content=\"https:\/\/medical-solidarity.org\/wp-content\/uploads\/2021\/05\/quaranteam_fabienne.jpg\" \/>\n\t<meta property=\"og:image:width\" content=\"787\" \/>\n\t<meta property=\"og:image:height\" content=\"276\" \/>\n\t<meta property=\"og:image:type\" content=\"image\/jpeg\" \/>\n<meta name=\"author\" content=\"civicrm meyer-martin\" \/>\n<meta name=\"twitter:card\" content=\"summary_large_image\" \/>\n<meta name=\"twitter:creator\" content=\"@MVI_Greece\" \/>\n<meta name=\"twitter:site\" content=\"@MVI_Greece\" \/>\n<meta name=\"twitter:label1\" content=\"Verfasst von\" \/>\n\t<meta name=\"twitter:data1\" content=\"civicrm meyer-martin\" \/>\n\t<meta name=\"twitter:label2\" content=\"Gesch\u00e4tzte Lesezeit\" \/>\n\t<meta name=\"twitter:data2\" content=\"2\u00a0Minuten\" \/>\n<script type=\"application\/ld+json\" class=\"yoast-schema-graph\">{\"@context\":\"https:\\\/\\\/schema.org\",\"@graph\":[{\"@type\":\"Article\",\"@id\":\"https:\\\/\\\/medical-solidarity.org\\\/de\\\/quaranteam-unsere-freiwillige-fabienne-aus-der-quarantaene\\\/#article\",\"isPartOf\":{\"@id\":\"https:\\\/\\\/medical-solidarity.org\\\/de\\\/quaranteam-unsere-freiwillige-fabienne-aus-der-quarantaene\\\/\"},\"author\":{\"name\":\"civicrm meyer-martin\",\"@id\":\"https:\\\/\\\/medical-solidarity.org\\\/de\\\/#\\\/schema\\\/person\\\/ef6d57283fb6cbec400724f2372ea4af\"},\"headline\":\"Quaranteam \u2013 Unsere Freiwillige Fabienne aus der Quarant\u00e4ne\",\"datePublished\":\"2021-05-20T18:57:16+00:00\",\"mainEntityOfPage\":{\"@id\":\"https:\\\/\\\/medical-solidarity.org\\\/de\\\/quaranteam-unsere-freiwillige-fabienne-aus-der-quarantaene\\\/\"},\"wordCount\":483,\"commentCount\":0,\"publisher\":{\"@id\":\"https:\\\/\\\/medical-solidarity.org\\\/de\\\/#organization\"},\"image\":{\"@id\":\"https:\\\/\\\/medical-solidarity.org\\\/de\\\/quaranteam-unsere-freiwillige-fabienne-aus-der-quarantaene\\\/#primaryimage\"},\"thumbnailUrl\":\"https:\\\/\\\/medical-solidarity.org\\\/wp-content\\\/uploads\\\/2021\\\/05\\\/quaranteam_fabienne.jpg\",\"articleSection\":[\"Interview\"],\"inLanguage\":\"de\",\"potentialAction\":[{\"@type\":\"CommentAction\",\"name\":\"Comment\",\"target\":[\"https:\\\/\\\/medical-solidarity.org\\\/de\\\/quaranteam-unsere-freiwillige-fabienne-aus-der-quarantaene\\\/#respond\"]}]},{\"@type\":\"WebPage\",\"@id\":\"https:\\\/\\\/medical-solidarity.org\\\/de\\\/quaranteam-unsere-freiwillige-fabienne-aus-der-quarantaene\\\/\",\"url\":\"https:\\\/\\\/medical-solidarity.org\\\/de\\\/quaranteam-unsere-freiwillige-fabienne-aus-der-quarantaene\\\/\",\"name\":\"Quaranteam \u2013 Unsere Freiwillige Fabienne aus der Quarant\u00e4ne &#8212; Medical Solidarity International\",\"isPartOf\":{\"@id\":\"https:\\\/\\\/medical-solidarity.org\\\/de\\\/#website\"},\"primaryImageOfPage\":{\"@id\":\"https:\\\/\\\/medical-solidarity.org\\\/de\\\/quaranteam-unsere-freiwillige-fabienne-aus-der-quarantaene\\\/#primaryimage\"},\"image\":{\"@id\":\"https:\\\/\\\/medical-solidarity.org\\\/de\\\/quaranteam-unsere-freiwillige-fabienne-aus-der-quarantaene\\\/#primaryimage\"},\"thumbnailUrl\":\"https:\\\/\\\/medical-solidarity.org\\\/wp-content\\\/uploads\\\/2021\\\/05\\\/quaranteam_fabienne.jpg\",\"datePublished\":\"2021-05-20T18:57:16+00:00\",\"breadcrumb\":{\"@id\":\"https:\\\/\\\/medical-solidarity.org\\\/de\\\/quaranteam-unsere-freiwillige-fabienne-aus-der-quarantaene\\\/#breadcrumb\"},\"inLanguage\":\"de\",\"potentialAction\":[{\"@type\":\"ReadAction\",\"target\":[\"https:\\\/\\\/medical-solidarity.org\\\/de\\\/quaranteam-unsere-freiwillige-fabienne-aus-der-quarantaene\\\/\"]}]},{\"@type\":\"ImageObject\",\"inLanguage\":\"de\",\"@id\":\"https:\\\/\\\/medical-solidarity.org\\\/de\\\/quaranteam-unsere-freiwillige-fabienne-aus-der-quarantaene\\\/#primaryimage\",\"url\":\"https:\\\/\\\/medical-solidarity.org\\\/wp-content\\\/uploads\\\/2021\\\/05\\\/quaranteam_fabienne.jpg\",\"contentUrl\":\"https:\\\/\\\/medical-solidarity.org\\\/wp-content\\\/uploads\\\/2021\\\/05\\\/quaranteam_fabienne.jpg\",\"width\":787,\"height\":276,\"caption\":\"quaranteam\"},{\"@type\":\"BreadcrumbList\",\"@id\":\"https:\\\/\\\/medical-solidarity.org\\\/de\\\/quaranteam-unsere-freiwillige-fabienne-aus-der-quarantaene\\\/#breadcrumb\",\"itemListElement\":[{\"@type\":\"ListItem\",\"position\":1,\"name\":\"Home\",\"item\":\"https:\\\/\\\/medical-solidarity.org\\\/de\\\/medical-volunteers-2\\\/\"},{\"@type\":\"ListItem\",\"position\":2,\"name\":\"Quaranteam \u2013 Unsere Freiwillige Fabienne aus der Quarant\u00e4ne\"}]},{\"@type\":\"WebSite\",\"@id\":\"https:\\\/\\\/medical-solidarity.org\\\/de\\\/#website\",\"url\":\"https:\\\/\\\/medical-solidarity.org\\\/de\\\/\",\"name\":\"Medical Solidarity International\",\"description\":\"\",\"publisher\":{\"@id\":\"https:\\\/\\\/medical-solidarity.org\\\/de\\\/#organization\"},\"potentialAction\":[{\"@type\":\"SearchAction\",\"target\":{\"@type\":\"EntryPoint\",\"urlTemplate\":\"https:\\\/\\\/medical-solidarity.org\\\/de\\\/?s={search_term_string}\"},\"query-input\":{\"@type\":\"PropertyValueSpecification\",\"valueRequired\":true,\"valueName\":\"search_term_string\"}}],\"inLanguage\":\"de\"},{\"@type\":\"Organization\",\"@id\":\"https:\\\/\\\/medical-solidarity.org\\\/de\\\/#organization\",\"name\":\"Medical Solidarity International\",\"url\":\"https:\\\/\\\/medical-solidarity.org\\\/de\\\/\",\"logo\":{\"@type\":\"ImageObject\",\"inLanguage\":\"de\",\"@id\":\"https:\\\/\\\/medical-solidarity.org\\\/de\\\/#\\\/schema\\\/logo\\\/image\\\/\",\"url\":\"https:\\\/\\\/medical-solidarity.org\\\/wp-content\\\/uploads\\\/2025\\\/10\\\/Logo-rot-schwarz.png\",\"contentUrl\":\"https:\\\/\\\/medical-solidarity.org\\\/wp-content\\\/uploads\\\/2025\\\/10\\\/Logo-rot-schwarz.png\",\"width\":1421,\"height\":1500,\"caption\":\"Medical Solidarity International\"},\"image\":{\"@id\":\"https:\\\/\\\/medical-solidarity.org\\\/de\\\/#\\\/schema\\\/logo\\\/image\\\/\"},\"sameAs\":[\"https:\\\/\\\/www.facebook.com\\\/medicalvolunteersinternational\\\/\",\"https:\\\/\\\/x.com\\\/MVI_Greece\",\"https:\\\/\\\/www.instagram.com\\\/mvi_greece\\\/\"]},{\"@type\":\"Person\",\"@id\":\"https:\\\/\\\/medical-solidarity.org\\\/de\\\/#\\\/schema\\\/person\\\/ef6d57283fb6cbec400724f2372ea4af\",\"name\":\"civicrm meyer-martin\",\"url\":\"https:\\\/\\\/medical-solidarity.org\\\/de\\\/author\\\/civicrmmeyer-martin-com\\\/\"}]}<\/script>\n<!-- \/ Yoast SEO plugin. -->","yoast_head_json":{"title":"Quaranteam \u2013 Unsere Freiwillige Fabienne aus der Quarant\u00e4ne &#8212; Medical Solidarity International","robots":{"index":"index","follow":"follow","max-snippet":"max-snippet:-1","max-image-preview":"max-image-preview:large","max-video-preview":"max-video-preview:-1"},"canonical":"https:\/\/medical-solidarity.org\/de\/quaranteam-unsere-freiwillige-fabienne-aus-der-quarantaene\/","og_locale":"de_DE","og_type":"article","og_title":"Quaranteam \u2013 Unsere Freiwillige Fabienne aus der Quarant\u00e4ne &#8212; Medical Solidarity International","og_description":"Corona hat viele Dinge auf den Kopf gestellt, auch den Start unserer Freiwilligen vor Ort. Sie mussten bis vor Kurzem noch in einer unserer Unterk\u00fcnfte in Quarant\u00e4ne gehen, bevor es richtig losgehen konnte. In unserer MVI QUARANTEAM Ausgabe stellen wir Neuank\u00f6mmlinge vor, die aufgrund der Corona-Ma\u00dfnahmen in Quarant\u00e4ne sind oder waren und wollen wissen, was [&hellip;]","og_url":"https:\/\/medical-solidarity.org\/de\/quaranteam-unsere-freiwillige-fabienne-aus-der-quarantaene\/","og_site_name":"Medical Solidarity International","article_publisher":"https:\/\/www.facebook.com\/medicalvolunteersinternational\/","article_published_time":"2021-05-20T18:57:16+00:00","og_image":[{"width":787,"height":276,"url":"https:\/\/medical-solidarity.org\/wp-content\/uploads\/2021\/05\/quaranteam_fabienne.jpg","type":"image\/jpeg"}],"author":"civicrm meyer-martin","twitter_card":"summary_large_image","twitter_creator":"@MVI_Greece","twitter_site":"@MVI_Greece","twitter_misc":{"Verfasst von":"civicrm meyer-martin","Gesch\u00e4tzte Lesezeit":"2\u00a0Minuten"},"schema":{"@context":"https:\/\/schema.org","@graph":[{"@type":"Article","@id":"https:\/\/medical-solidarity.org\/de\/quaranteam-unsere-freiwillige-fabienne-aus-der-quarantaene\/#article","isPartOf":{"@id":"https:\/\/medical-solidarity.org\/de\/quaranteam-unsere-freiwillige-fabienne-aus-der-quarantaene\/"},"author":{"name":"civicrm meyer-martin","@id":"https:\/\/medical-solidarity.org\/de\/#\/schema\/person\/ef6d57283fb6cbec400724f2372ea4af"},"headline":"Quaranteam \u2013 Unsere Freiwillige Fabienne aus der Quarant\u00e4ne","datePublished":"2021-05-20T18:57:16+00:00","mainEntityOfPage":{"@id":"https:\/\/medical-solidarity.org\/de\/quaranteam-unsere-freiwillige-fabienne-aus-der-quarantaene\/"},"wordCount":483,"commentCount":0,"publisher":{"@id":"https:\/\/medical-solidarity.org\/de\/#organization"},"image":{"@id":"https:\/\/medical-solidarity.org\/de\/quaranteam-unsere-freiwillige-fabienne-aus-der-quarantaene\/#primaryimage"},"thumbnailUrl":"https:\/\/medical-solidarity.org\/wp-content\/uploads\/2021\/05\/quaranteam_fabienne.jpg","articleSection":["Interview"],"inLanguage":"de","potentialAction":[{"@type":"CommentAction","name":"Comment","target":["https:\/\/medical-solidarity.org\/de\/quaranteam-unsere-freiwillige-fabienne-aus-der-quarantaene\/#respond"]}]},{"@type":"WebPage","@id":"https:\/\/medical-solidarity.org\/de\/quaranteam-unsere-freiwillige-fabienne-aus-der-quarantaene\/","url":"https:\/\/medical-solidarity.org\/de\/quaranteam-unsere-freiwillige-fabienne-aus-der-quarantaene\/","name":"Quaranteam \u2013 Unsere Freiwillige Fabienne aus der Quarant\u00e4ne &#8212; Medical Solidarity International","isPartOf":{"@id":"https:\/\/medical-solidarity.org\/de\/#website"},"primaryImageOfPage":{"@id":"https:\/\/medical-solidarity.org\/de\/quaranteam-unsere-freiwillige-fabienne-aus-der-quarantaene\/#primaryimage"},"image":{"@id":"https:\/\/medical-solidarity.org\/de\/quaranteam-unsere-freiwillige-fabienne-aus-der-quarantaene\/#primaryimage"},"thumbnailUrl":"https:\/\/medical-solidarity.org\/wp-content\/uploads\/2021\/05\/quaranteam_fabienne.jpg","datePublished":"2021-05-20T18:57:16+00:00","breadcrumb":{"@id":"https:\/\/medical-solidarity.org\/de\/quaranteam-unsere-freiwillige-fabienne-aus-der-quarantaene\/#breadcrumb"},"inLanguage":"de","potentialAction":[{"@type":"ReadAction","target":["https:\/\/medical-solidarity.org\/de\/quaranteam-unsere-freiwillige-fabienne-aus-der-quarantaene\/"]}]},{"@type":"ImageObject","inLanguage":"de","@id":"https:\/\/medical-solidarity.org\/de\/quaranteam-unsere-freiwillige-fabienne-aus-der-quarantaene\/#primaryimage","url":"https:\/\/medical-solidarity.org\/wp-content\/uploads\/2021\/05\/quaranteam_fabienne.jpg","contentUrl":"https:\/\/medical-solidarity.org\/wp-content\/uploads\/2021\/05\/quaranteam_fabienne.jpg","width":787,"height":276,"caption":"quaranteam"},{"@type":"BreadcrumbList","@id":"https:\/\/medical-solidarity.org\/de\/quaranteam-unsere-freiwillige-fabienne-aus-der-quarantaene\/#breadcrumb","itemListElement":[{"@type":"ListItem","position":1,"name":"Home","item":"https:\/\/medical-solidarity.org\/de\/medical-volunteers-2\/"},{"@type":"ListItem","position":2,"name":"Quaranteam \u2013 Unsere Freiwillige Fabienne aus der Quarant\u00e4ne"}]},{"@type":"WebSite","@id":"https:\/\/medical-solidarity.org\/de\/#website","url":"https:\/\/medical-solidarity.org\/de\/","name":"Medical Solidarity International","description":"","publisher":{"@id":"https:\/\/medical-solidarity.org\/de\/#organization"},"potentialAction":[{"@type":"SearchAction","target":{"@type":"EntryPoint","urlTemplate":"https:\/\/medical-solidarity.org\/de\/?s={search_term_string}"},"query-input":{"@type":"PropertyValueSpecification","valueRequired":true,"valueName":"search_term_string"}}],"inLanguage":"de"},{"@type":"Organization","@id":"https:\/\/medical-solidarity.org\/de\/#organization","name":"Medical Solidarity International","url":"https:\/\/medical-solidarity.org\/de\/","logo":{"@type":"ImageObject","inLanguage":"de","@id":"https:\/\/medical-solidarity.org\/de\/#\/schema\/logo\/image\/","url":"https:\/\/medical-solidarity.org\/wp-content\/uploads\/2025\/10\/Logo-rot-schwarz.png","contentUrl":"https:\/\/medical-solidarity.org\/wp-content\/uploads\/2025\/10\/Logo-rot-schwarz.png","width":1421,"height":1500,"caption":"Medical Solidarity International"},"image":{"@id":"https:\/\/medical-solidarity.org\/de\/#\/schema\/logo\/image\/"},"sameAs":["https:\/\/www.facebook.com\/medicalvolunteersinternational\/","https:\/\/x.com\/MVI_Greece","https:\/\/www.instagram.com\/mvi_greece\/"]},{"@type":"Person","@id":"https:\/\/medical-solidarity.org\/de\/#\/schema\/person\/ef6d57283fb6cbec400724f2372ea4af","name":"civicrm meyer-martin","url":"https:\/\/medical-solidarity.org\/de\/author\/civicrmmeyer-martin-com\/"}]}},"_links":{"self":[{"href":"https:\/\/medical-solidarity.org\/de\/wp-json\/wp\/v2\/posts\/9966","targetHints":{"allow":["GET"]}}],"collection":[{"href":"https:\/\/medical-solidarity.org\/de\/wp-json\/wp\/v2\/posts"}],"about":[{"href":"https:\/\/medical-solidarity.org\/de\/wp-json\/wp\/v2\/types\/post"}],"author":[{"embeddable":true,"href":"https:\/\/medical-solidarity.org\/de\/wp-json\/wp\/v2\/users\/48"}],"replies":[{"embeddable":true,"href":"https:\/\/medical-solidarity.org\/de\/wp-json\/wp\/v2\/comments?post=9966"}],"version-history":[{"count":0,"href":"https:\/\/medical-solidarity.org\/de\/wp-json\/wp\/v2\/posts\/9966\/revisions"}],"wp:featuredmedia":[{"embeddable":true,"href":"https:\/\/medical-solidarity.org\/de\/wp-json\/wp\/v2\/media\/9963"}],"wp:attachment":[{"href":"https:\/\/medical-solidarity.org\/de\/wp-json\/wp\/v2\/media?parent=9966"}],"wp:term":[{"taxonomy":"category","embeddable":true,"href":"https:\/\/medical-solidarity.org\/de\/wp-json\/wp\/v2\/categories?post=9966"},{"taxonomy":"post_tag","embeddable":true,"href":"https:\/\/medical-solidarity.org\/de\/wp-json\/wp\/v2\/tags?post=9966"}],"curies":[{"name":"wp","href":"https:\/\/api.w.org\/{rel}","templated":true}]}}